{"id":369,"date":"2023-10-12T00:00:00","date_gmt":"2023-10-11T21:00:00","guid":{"rendered":"https:\/\/www.anofm.ro\/buzau\/valorifica-perioada-lucrata-oriunde-in-ue-see\/"},"modified":"2023-10-12T00:00:00","modified_gmt":"2023-10-11T21:00:00","slug":"valorifica-perioada-lucrata-oriunde-in-ue-see","status":"publish","type":"post","link":"https:\/\/www.anofm.ro\/buzau\/valorifica-perioada-lucrata-oriunde-in-ue-see\/","title":{"rendered":"Valorifica perioada lucrata oriunde in UE\/SEE"},"content":{"rendered":"<p align=\"center\" style=\"margin-top: 0px;margin-bottom: 1rem;font-family: -apple-system, BlinkMacSystemFont,\"><i><span style=\"font-weight: bolder\">Valorific\u0103 perioada lucrat\u0103 oriunde \u00een UE\/SEE!<\/span><\/i><\/p>\n<p align=\"center\" style=\"margin-top: 0px;margin-bottom: 1rem;font-family: -apple-system, BlinkMacSystemFont,\"><i><span style=\"font-weight: bolder\">Apelez\u0103 la agen\u021biile teritoriale ale ANOFM care elibereaz\u0103 formularele europene \u00een domeniul presta\u021biilor de \u0219omaj!<\/span><\/i><\/p>\n<p style=\"margin-top: 0px;margin-bottom: 1rem;font-family: -apple-system, BlinkMacSystemFont,\"><i><span style=\"font-weight: bolder\"><br \/><\/span><\/i><\/p>\n<p align=\"justify\" style=\"margin-top: 0px;margin-bottom: 1rem;font-family: -apple-system, BlinkMacSystemFont,\">ANOFM\u00a0<a href=\"https:\/\/www.anofm.ro\/www.anofm.ro\" style=\"background-color: transparent\">www.anofm.ro<\/a>\u00a0asigur\u0103 comunicarea \u015fi schimbul de informa\u0163ii \u00eentre institu\u0163iile competente \u00een materie de asigur\u0103ri pentru \u015fomaj din Rom\u00e2nia \u015fi institu\u0163iile competente \u015fi organismele de leg\u0103tur\u0103 ale altor state membre ale Uniunii Europene \u015fi Spa\u0163iului Economic European.<\/p>\n<p align=\"justify\" style=\"margin-top: 0px;margin-bottom: 1rem;font-family: -apple-system, BlinkMacSystemFont,\">Schimbul de date \u00eentre institu\u021biile competente \u00een materie de \u0219omaj se realizeaz\u0103 \u00een prezent prin documente portabile (formulare): U1, U2, E 302, dar \u0219i prin sistemul IT Schimb Electronic de Informa\u021bii referitor la Securitatea Social\u0103 \u2013 EESSI.<\/p>\n<p align=\"justify\" style=\"margin-top: 0px;margin-bottom: 1rem;font-family: -apple-system, BlinkMacSystemFont,\"><span style=\"font-weight: bolder\"><i><span>Cine elibereaz\u0103 formularele?<\/span><\/i><\/span><\/p>\n<p align=\"justify\" style=\"margin-top: 0px;margin-bottom: 1rem;font-family: -apple-system, BlinkMacSystemFont,\">V\u0103 pute\u021bi adresa Agen\u021biei Jude\u021bene pentru Ocuparea For\u021bei de Munc\u0103 (AJOFM) din raza de domiciliu sau re\u0219edin\u021ba solicitantului, respectiv Agen\u021bia Municipal\u0103 pentru Ocuparea For\u021bei de Munc\u0103 Bucure\u0219ti. Acceseaz\u0103\u00a0<a href=\"https:\/\/bit.ly\/3thpzUy\" style=\"background-color: transparent\">https:\/\/bit.ly\/3thpzUy<\/a><\/p>\n<p align=\"justify\" style=\"margin-top: 0px;margin-bottom: 1rem;font-family: -apple-system, BlinkMacSystemFont,\"><span style=\"font-weight: bolder\"><i><span>Ce reprezint\u0103 totalizarea perioadelor de asigurare?<\/span><\/i><\/span><\/p>\n<p align=\"justify\" style=\"margin-top: 0px;margin-bottom: 1rem;font-family: -apple-system, BlinkMacSystemFont,\">Dac\u0103 a\u021bi lucrat \u00een cel pu\u021bin dou\u0103 state membre ale UE\/SEE \u0219i a\u021bi fost asigurat pentru \u0219omaj pute\u021bi beneficia de presta\u021bii de \u0219omaj prin cumularea perioadelor de asigurare realizate \u00een toate \u021b\u0103rile \u00een care a\u021bi desf\u0103\u0219urat activitate.<\/p>\n<p align=\"justify\" style=\"margin-top: 0px;margin-bottom: 1rem;font-family: -apple-system, BlinkMacSystemFont,\">\u00cen acest caz, eliber\u0103m urm\u0103toarele formulare:<\/p>\n<p align=\"justify\" style=\"margin-top: 0px;margin-bottom: 1rem;font-family: -apple-system, BlinkMacSystemFont,\"><span>U1\u00a0<\/span>&#8211; certific\u0103 perioadele de asigurare care vor fi luate \u00een considerare pentru acordarea presta\u021biilor de \u0219omaj\/ este echivalentul lui E 301;<\/p>\n<p align=\"justify\" style=\"margin-top: 0px;margin-bottom: 1rem;font-family: -apple-system, BlinkMacSystemFont,\"><span>E302<\/span>&#8211; pentru certificarea informa\u021biilor referitoare la membrii de familie cu domiciliul \u00een Rom\u00e2nia afla\u021bi \u00een \u00eentre\u021binerea \u0219omerului din alt stat membru.<\/p>\n<p align=\"justify\" style=\"margin-top: 0px;margin-bottom: 1rem;font-family: -apple-system, BlinkMacSystemFont,\">Formularele men\u021bionate sunt singurele documente oficiale, care certific\u0103 perioadele de asigurare realizate \u00eentr-un stat membru, pentru ob\u021binerea prin totalizare a dreptului la presta\u021bia de \u0219omaj \u00een alt stat membru.\u00a0<\/p>\n<p align=\"justify\" style=\"margin-top: 0px;margin-bottom: 1rem;font-family: -apple-system, BlinkMacSystemFont,\"><span style=\"font-weight: bolder\"><i><span>Presta\u021biile de \u0219omaj se solicit\u0103, cu anumite excep\u021bii, \u00een statul \u00een care lucr\u0103torul a fost asigurat ultima dat\u0103 (ultimul loc de munc\u0103) \u0219i nu \u00een statul de origine.<\/span><\/i><\/span><\/p>\n<p align=\"justify\" style=\"margin-top: 0px;margin-bottom: 1rem;font-family: -apple-system, BlinkMacSystemFont,\"><span><span style=\"font-weight: bolder\"><i>ANOFM v\u0103 recomand<\/i><\/span>\u0103<\/span>, ca dup\u0103 ce a\u021bi \u00eencheiat activitatea pe teritoriul unui stat membru, \u00eenainte de a reveni \u00een \u021bar\u0103, s\u0103 solicita\u021bi din partea institu\u021biei competente din str\u0103in\u0103tate eliberarea\u00a0<span style=\"font-weight: bolder\"><i><span>formularului U1<\/span><\/i><\/span>, chiar dac\u0103 nu anticipa\u021bi apari\u021bia unei situa\u021bii de \u0219omaj.<\/p>\n<p align=\"justify\" style=\"margin-top: 0px;margin-bottom: 1rem;font-family: -apple-system, BlinkMacSystemFont,\"><span style=\"font-weight: bolder\"><i><span>Ce reprezint\u0103 exportul presta\u021biei de \u0219omaj?<\/span><\/i><\/span><\/p>\n<p align=\"justify\" style=\"margin-top: 0px;margin-bottom: 1rem;font-family: -apple-system, BlinkMacSystemFont,\">Dac\u0103 beneficia\u021bi de indemniza\u0163ie de \u015fomaj \u00eentr-un stat membru UE primi\u021bi \u00een continuare acest drept dac\u0103 v\u0103 \u00eentoarce\u021bi \u00een Rom\u00e2nia pentru a c\u0103uta un loc de munc\u0103.<\/p>\n<p align=\"justify\" style=\"margin-top: 0px;margin-bottom: 1rem;font-family: -apple-system, BlinkMacSystemFont,\">Este necesar s\u0103 ob\u021bine\u021bi acordul de la institu\u0163ia competent\u0103 din statul membru UE care v\u0103 pl\u0103te\u015fte indemniza\u0163ia de \u015fomaj \u0219i s\u0103 solicitati acesteia eliberarea formularului U2, care certific\u0103 perioada \u00een care un \u0219omer \u00ee\u0219i men\u021bine dreptul de presta\u021bii de \u0219omaj atunci c\u00e2nd \u00ee\u0219i caut\u0103 de lucru \u00een alt stat membru. \u00cen termen de 7 zile de la autorizare, trebuie s\u0103 v\u0103 \u00eenscrie\u021bi ca persoan\u0103 \u00een c\u0103utarea unui loc de munc\u0103 la AJOFM\/AMOFM de care apar\u0163ine\u021bi conform domiciliului din cartea de identitate.<\/p>\n<p align=\"justify\" style=\"margin-top: 0px;margin-bottom: 1rem;font-family: -apple-system, BlinkMacSystemFont,\">Perioada \u00een care se men\u0163ine plata indemniza\u0163iei de \u015fomaj este de maximum 3 luni, cu posibilitatea de extindere p\u00e2n\u0103 la maximum 6 luni (extinderea este la latitudinea institu\u0163iei care pl\u0103te\u015fte indemniza\u0163ia)<\/p>\n<p align=\"justify\" style=\"margin-top: 0px;margin-bottom: 1rem;font-family: -apple-system, BlinkMacSystemFont,\"><span style=\"font-weight: bolder\"><i><span>G\u0103se\u0219ti informa\u021bii utile aici<\/span><\/i><\/span>:\u00a0<a href=\"https:\/\/bit.ly\/3tyf7YM\" style=\"background-color: transparent\">https:\/\/bit.ly\/3tyf7YM<\/a><\/p>\n<p><span style=\"font-size: 10px;font-family: -apple-system, BlinkMacSystemFont,\">Material realizat \u00een cadrul \u201ecampaniei online de promovare a instrumentelor \u0219i serviciilor oferite de SPO, clien\u021bilor s\u0103i\u201d, prin proiectul \u201eRela\u021bia SPO cu angajatorii &#8211; eSPOR\u201d\/ POCU\/801\/3\/15\/139164, cofinan\u0163at din Fondul Social European prin Programul Opera\u0163ional Capital Uman 2014-2020.<\/span>Introduceti continutul text. Eventualele incarcari de fisiere se fac in faza de editare<\/p>\n","protected":false},"excerpt":{"rendered":"<p>Valorific\u0103 perioada lucrat\u0103 oriunde \u00een UE\/SEE! Apelez\u0103 la agen\u021biile teritoriale ale ANOFM care elibereaz\u0103 formularele europene \u00een domeniul presta\u021biilor de \u0219omaj! ANOFM\u00a0www.anofm.ro\u00a0asigur\u0103 comunicarea \u015fi schimbul de informa\u0163ii \u00eentre institu\u0163iile competente<\/p>\n","protected":false},"author":0,"featured_media":0,"comment_status":"closed","ping_status":"closed","sticky":false,"template":"","format":"standard","meta":{"footnotes":""},"categories":[16],"tags":[],"class_list":["post-369","post","type-post","status-publish","format-standard","hentry","category-materiale-informative"],"_links":{"self":[{"href":"https:\/\/www.anofm.ro\/buzau\/wp-json\/wp\/v2\/posts\/369","targetHints":{"allow":["GET"]}}],"collection":[{"href":"https:\/\/www.anofm.ro\/buzau\/wp-json\/wp\/v2\/posts"}],"about":[{"href":"https:\/\/www.anofm.ro\/buzau\/wp-json\/wp\/v2\/types\/post"}],"replies":[{"embeddable":true,"href":"https:\/\/www.anofm.ro\/buzau\/wp-json\/wp\/v2\/comments?post=369"}],"version-history":[{"count":0,"href":"https:\/\/www.anofm.ro\/buzau\/wp-json\/wp\/v2\/posts\/369\/revisions"}],"wp:attachment":[{"href":"https:\/\/www.anofm.ro\/buzau\/wp-json\/wp\/v2\/media?parent=369"}],"wp:term":[{"taxonomy":"category","embeddable":true,"href":"https:\/\/www.anofm.ro\/buzau\/wp-json\/wp\/v2\/categories?post=369"},{"taxonomy":"post_tag","embeddable":true,"href":"https:\/\/www.anofm.ro\/buzau\/wp-json\/wp\/v2\/tags?post=369"}],"curies":[{"name":"wp","href":"https:\/\/api.w.org\/{rel}","templated":true}]}}