{"id":36,"date":"2018-11-29T00:00:00","date_gmt":"2018-11-28T22:00:00","guid":{"rendered":"https:\/\/www.anofm.ro\/buzau\/proiectul-actimob-1-activare-si-mobilitate-tineri-neets\/"},"modified":"2018-11-29T00:00:00","modified_gmt":"2018-11-28T22:00:00","slug":"proiectul-actimob-1-activare-si-mobilitate-tineri-neets","status":"publish","type":"post","link":"https:\/\/www.anofm.ro\/buzau\/proiectul-actimob-1-activare-si-mobilitate-tineri-neets\/","title":{"rendered":"Proiectul ACTIMOB 1- Activare si mobilitate tineri NEETs"},"content":{"rendered":"<p><span style=\"font-family: Verdana, Arial, Helvetica, sans-serif;font-size: 12.8px\"><\/p>\n<p style=\"margin: 0px 0px 10px;font-family:\">A<span style=\"text-align: justify;font-size: 11pt;line-height: 16.8667px;font-family:\">gen\u0163ia Na\u0163ional\u0103 pentru Ocuparea For\u0163ei de Munc\u0103 (ANOFM) implementeaz\u0103 proiectul \u201eACTIMOB 1 &#8211;\u00a0<\/span><span style=\"text-align: justify;font-size: 11pt;line-height: 16.8667px;font-family:\">Activare \u0219i mobilitate tineri NEETs<\/span><span lang=\"RO\" style=\"text-align: justify;font-size: 11pt;line-height: 16.8667px;font-family:\">\u201d,\u00a0<\/span><span style=\"text-align: justify;font-size: 11pt;line-height: 16.8667px;font-family:\">proiect cofinan\u021bat de Uniunea European\u0103 din Fondul Social European prin Programul Opera\u021bional Capital Uman 2014-2020.<\/span><\/p>\n<p class=\"MsoNormal\" style=\"margin: 0px 0px 6pt;font-family:\"><span style=\"font-size: 11pt;line-height: 16.8667px;font-family:\">Prin implementarea acestui proiect se urm\u0103re\u015fte s<\/span><span style=\"font-size: 11pt;line-height: 16.8667px;font-family:\">timularea ocup\u0103rii a 1200 tineri NEETs \u0219omeri \u00eenregistra\u021bi la Serviciul Public de Ocupare (SPO) prin acordarea primei de activare \u00een valoare de 1.000 lei.<\/span><\/p>\n<p class=\"MsoNormal\" style=\"margin: 0px 0px 6pt;font-family:\"><span style=\"font-size: 11pt;line-height: 16.8667px;font-family:\">Proiectul este implementat cu sprijinul a 19 agen\u021bii jude\u021bene pentru ocuparea for\u021bei de munc\u0103 din regiunile Centru (Alba, Bra\u0219ov, Covasna, Harghita, Mure<\/span><span lang=\"RO\" style=\"font-size: 11pt;line-height: 16.8667px;font-family:\">\u0219, Sibiu)<\/span><span style=\"font-size: 11pt;line-height: 16.8667px;font-family:\">, Sud-Est (Br\u0103ila, Buz\u0103u, Constan\u021ba, Gala\u021bi, Tulcea, Vrancea) \u015fi Sud -Muntenia (Arge\u0219, C\u0103l\u0103ra\u0219i, D\u00e2mbovi\u021ba, Giurgiu, Ialomi\u021ba,Prahova, Teleorman).<\/span><\/p>\n<p style=\"margin: 0in 0in 7.5pt;font-family:\"><span style=\"font-size: 11pt;font-family:\">Bugetul total al proiectului este de 2.112.246,22 lei, din care 168.979,70 lei finan\u0163are na\u0163ional\u0103 \u0219i 1.943.266,52 lei finan\u0163are extern\u0103 nerambursabil\u0103.<\/span><\/p>\n<p style=\"margin: 0in 0in 7.5pt;font-family:\"><span><span style=\"font-size: 11pt;font-family:\">Perioada de implementare este ianuarie 2018 &#8211; decembrie 2018.\u00a0<\/span><\/span><\/p>\n<p><a href=\"\/upload\/3035\/Actimob_NEETs_Raport_activitate_an_1.pdf\">Raport activitate anul 1 de implementare<\/a><\/p>\n<p><\/span><\/p>\n<\/p>\n<p><a style=\"font-family:\" href=\"\/upload\/3035\/informare_actimob1.docx\">Informare ACTIMOB 1- Activare \u0219i mobilitate tineri NEETs<br \/><\/a><\/p>\n<p><a href=\"\/upload\/1437\/Fisa_proiect_ACTIMOB_1-_Activare_%C8%99i_mobilitate_tineri_NEETs.pdf\">Fisa proiect ACTIMOB 1- Activare \u0219i mobilitate tineri NEETs<br \/><\/a><\/p>\n<p><a href=\"\/upload\/6870\/comunic_actimob_neets.docx\">Comunicat privind demararea proiectului \u201eACTIMOB NEETs\u2013Activare \u015fi mobilitate tineri NEETs&#8221;.<\/a><\/p>\n<p><a href=\"\/upload\/3035\/bros_actimob_neets.pdf\">Brosura proiect<\/a><\/p>\n<p><a href=\"\/upload\/3035\/Informare_sprijin_financiar.pdf\"><font style=\"font-size: 12px\">Informare\u00a0<span style=\"text-align: center\"><span lang=\"RO\" style=\"font-family:\">condi\u0163iile prin<br \/>\ncare po\u0163i ob\u0163ine sprijin financiar\u00a0<\/span><\/span><\/font><span style=\"text-align: center\"><span lang=\"RO\" style=\"font-family:\">prin<br \/>\nproiectul \u201eACTIMOB NEETs \u2013 Activare \u015fi mobilitate tineri NEETs&#8221;<\/span><\/span><\/a><\/p>\n<\/p>\n<\/p>\n<div class=\"file-list-wrap\">\n<ul class=\"file-list\">\n<li><a href=\"\/upload2\/Buz\u0103u\/3035\/Informare_realizari__martie_2022.pdf\" download>Informare_realizari__martie_2022.pdf<\/a><\/li>\n<li><a href=\"\/upload2\/Buz\u0103u\/3035\/220616_Raport_anual_activitate_mai_2022.pdf\" download>220616_Raport_anual_activitate_mai_2022.pdf<\/a><\/li>\n<li><a href=\"\/upload2\/Buz\u0103u\/3035\/Informare_Actimob_neets_30.09.2022-final_np.pdf\" download>Informare_Actimob_neets_30.09.2022-final_np.pdf<\/a><\/li>\n<\/ul>\n<\/div>\n","protected":false},"excerpt":{"rendered":"<p style=\"margin: 0px 0px 10px;, Helvetica, Arial, sans-serif;font-size: 14px\"><\/p>\n","protected":false},"author":0,"featured_media":0,"comment_status":"closed","ping_status":"closed","sticky":false,"template":"","format":"standard","meta":{"footnotes":""},"categories":[20],"tags":[],"class_list":["post-36","post","type-post","status-publish","format-standard","hentry","category-proiecte"],"_links":{"self":[{"href":"https:\/\/www.anofm.ro\/buzau\/wp-json\/wp\/v2\/posts\/36","targetHints":{"allow":["GET"]}}],"collection":[{"href":"https:\/\/www.anofm.ro\/buzau\/wp-json\/wp\/v2\/posts"}],"about":[{"href":"https:\/\/www.anofm.ro\/buzau\/wp-json\/wp\/v2\/types\/post"}],"replies":[{"embeddable":true,"href":"https:\/\/www.anofm.ro\/buzau\/wp-json\/wp\/v2\/comments?post=36"}],"version-history":[{"count":0,"href":"https:\/\/www.anofm.ro\/buzau\/wp-json\/wp\/v2\/posts\/36\/revisions"}],"wp:attachment":[{"href":"https:\/\/www.anofm.ro\/buzau\/wp-json\/wp\/v2\/media?parent=36"}],"wp:term":[{"taxonomy":"category","embeddable":true,"href":"https:\/\/www.anofm.ro\/buzau\/wp-json\/wp\/v2\/categories?post=36"},{"taxonomy":"post_tag","embeddable":true,"href":"https:\/\/www.anofm.ro\/buzau\/wp-json\/wp\/v2\/tags?post=36"}],"curies":[{"name":"wp","href":"https:\/\/api.w.org\/{rel}","templated":true}]}}