{"id":241,"date":"2021-12-16T00:00:00","date_gmt":"2021-12-15T22:00:00","guid":{"rendered":"https:\/\/www.anofm.ro\/buzau\/relatia-spo-cu-angajatorii-espor\/"},"modified":"2021-12-16T00:00:00","modified_gmt":"2021-12-15T22:00:00","slug":"relatia-spo-cu-angajatorii-espor","status":"publish","type":"post","link":"https:\/\/www.anofm.ro\/buzau\/relatia-spo-cu-angajatorii-espor\/","title":{"rendered":"Rela\u021bia SPO cu angajatorii &#8211; eSPOR"},"content":{"rendered":"<p class=\"MsoNormal\" style=\"margin-top: 0px;margin-bottom: 1rem;font-family: -apple-system, BlinkMacSystemFont,\"><span lang=\"RO\" style=\"font-size: 11pt;font-family:\">POCU\/801\/3\/15\/139164<\/span><\/p>\n<p class=\"MsoNormal\" style=\"margin-top: 0px;margin-bottom: 1rem;font-family: -apple-system, BlinkMacSystemFont,\"><span lang=\"RO\" style=\"font-size: 11pt;font-family:\">Agen\u0163ia Na\u0163ional\u0103 pentru Ocuparea For\u0163ei de Munc\u0103 (ANOFM), \u00een calitate de beneficiar,<\/span><span lang=\"RO\" style=\"font-size: 11pt;font-family:\">\u00a0\u00eempreun\u0103 cu Centrul Na\u021bional de Formare Profesional\u0103 a Personalului Propriu R\u00e2\u0219nov (CNFPPP R\u00e2\u0219nov), dar \u0219i\u00a0<\/span><span lang=\"RO\" style=\"font-size: 11pt;font-family:\">cu sprijinul\u00a0<\/span><span lang=\"RO\" style=\"font-size: 11pt;font-family:\">agen\u0163iilor jude\u021bene pentru ocuparea for\u0163ei de munc\u0103 din toate regiunile de dezvoltare ale Rom\u00e2niei,\u00a0<span>implementeaz\u0103, pe o perioad\u0103 de 36 de luni, proiectul\u00a0<span style=\"font-weight: bolder\"><i>\u201eRela\u021bia SPO cu angajatorii &#8211; eSPOR\u201d<\/i><\/span><i>,<\/i>\u00a0cofinan\u021bat din Fondul Social European (FSE) prin Programul Opera\u021bional Capital Uman 2014-2020 (POCU).<\/span><\/span><\/p>\n<p class=\"MsoNormal\" style=\"margin-top: 0px;margin-bottom: 1rem;font-family: -apple-system, BlinkMacSystemFont,\"><span lang=\"RO\" style=\"font-size: 11pt;font-family:\"><\/span><span style=\"font-weight: bolder\"><i><span lang=\"RO\" style=\"font-size: 11pt;font-family:\">Obiectivul general<\/span><\/i><\/span><span lang=\"RO\" style=\"font-size: 11pt;font-family:\">\u00a0\u00eel reprezint\u0103\u00a0<\/span><span lang=\"RO\" style=\"font-size: 11pt;font-family:\">modernizarea \u0219i adaptarea structurilor SPO de la nivel na\u021bional \u0219i teritorial, acest lucru duc\u00e2nd at\u00e2t la cre\u0219terea gradului de satisfac\u021bie a clien\u021bilor Serviciului Public de Ocupare (SPO), c\u00e2t \u0219i la difersificarea serviciilor oferite angajatorilor.<\/span><span lang=\"RO\" style=\"font-size: 11pt;font-family:\"><\/span><\/p>\n<p class=\"MsoNormal\" style=\"margin-top: 0px;margin-bottom: 1rem;font-family: -apple-system, BlinkMacSystemFont,\"><span style=\"font-size: 11pt;font-family:\">Totodat\u0103,\u00a0<span style=\"font-weight: bolder\"><i>obiectivele specifice<\/i><\/span>\u00a0sunt prezentate, dup\u0103 cum urmeaz\u0103:<\/span><span lang=\"RO\" style=\"font-size: 11pt;font-family:\"><\/span><\/p>\n<p class=\"MsoNormal\" style=\"margin-top: 0px;margin-bottom: 1rem;font-family: -apple-system, BlinkMacSystemFont,\"><span style=\"font-size: 11pt;font-family:\">-adaptarea serviciilor dedicate angajatorilor \u00een func\u021bie de nevoile acestora prin elaborarea unui set de proceduri simplificate, cu rolul reducerii proceselor birocratice;<\/span><span lang=\"RO\" style=\"font-size: 11pt;font-family:\"><\/span><\/p>\n<p class=\"MsoNormal\" style=\"margin-top: 0px;margin-bottom: 1rem;font-family: -apple-system, BlinkMacSystemFont,\"><span style=\"font-size: 11pt;font-family:\">-cre\u0219terea gradului de satisfac\u021bie a clien\u021bilor SPO &#8211; angajatori &#8211; prin implementarea acestora<\/span><span lang=\"RO\" style=\"font-size: 11pt;font-family:\">;<\/span><span style=\"font-size: 11pt;font-family:\"><\/span><\/p>\n<p class=\"MsoNormal\" style=\"margin-top: 0px;margin-bottom: 1rem;font-family: -apple-system, BlinkMacSystemFont,\"><span style=\"font-size: 11pt;font-family:\">-dobandirea \u0219i dezvoltarea de\u00a0<\/span><span lang=\"RO\" style=\"font-size: 11pt;font-family:\">noi competen\u021be pentru personalul<\/span><span style=\"font-size: 11pt;font-family:\">\u00a0SPO.<\/span><\/p>\n<p class=\"MsoNormal\" style=\"margin-top: 0px;margin-bottom: 1rem;font-family: -apple-system, BlinkMacSystemFont,\"><span lang=\"RO\" style=\"font-size: 11pt;font-family:\">\u00cen ceea ce prive\u0219te\u00a0<span style=\"font-weight: bolder\"><i>g<\/i><\/span><\/span><span style=\"font-weight: bolder\"><i><span style=\"font-size: 11pt;font-family:\">rupul \u021bint\u0103<\/span><\/i><\/span><span style=\"font-size: 11pt;font-family:\">, acesta este prezentat, astfel:<\/span><\/p>\n<p class=\"MsoNormal\" style=\"margin-top: 0px;margin-bottom: 1rem;font-family: -apple-system, BlinkMacSystemFont,\"><span style=\"font-size: 11pt;font-family:\">1.\u00a0<span style=\"font-weight: bolder\">Personalul propriu<\/span>\u00a0care cuprinde at\u00e2t personalul de conducere c\u00e2t \u0219i pe cel de execu\u021bie din cadrul unit\u0103\u021bilor centrale \u0219i teritoriale ale SPO, din cele 8 regiuni de dezvoltare ale Rom\u00e2niei, reprezent\u00e2nd 905 persoane, ace\u0219tia fiind beneficiarii programelor de formare profesional\u0103\/instruire\u00een vederea ob\u021binerii de competen\u021be suplimentare \u00een domeniul de activitate;<\/span><\/p>\n<p class=\"MsoNormal\" style=\"margin-top: 0px;margin-bottom: 1rem;font-family: -apple-system, BlinkMacSystemFont,\"><span style=\"font-size: 11pt;font-family:\">2.\u00a0<span style=\"font-weight: bolder\">Institu\u021bii ale SPO<\/span>\u00a0reprezentate prin cele 42 agen\u021bii teritoriale;<\/span><\/p>\n<p class=\"MsoNormal\" style=\"margin-top: 0px;margin-bottom: 1rem;font-family: -apple-system, BlinkMacSystemFont,\"><span style=\"font-size: 11pt;font-family:\">3. Actuali \u0219i poten\u021biali\u00a0<span style=\"font-weight: bolder\">clien\u021bi ai SPO<\/span>:<\/span><\/p>\n<p class=\"MsoNormal\" style=\"margin-top: 0px;margin-bottom: 1rem;font-family: -apple-system, BlinkMacSystemFont,\"><span style=\"font-size: 11pt;font-family:\">&#8211; minim 21.000 angajatori;<\/span><\/p>\n<p class=\"MsoNormal\" style=\"margin-top: 0px;margin-bottom: 1rem;font-family: -apple-system, BlinkMacSystemFont,\"><span style=\"font-size: 11pt;font-family:\">&#8211; minim 105.000 \u0219omeri media\u021bi.<\/span><\/p>\n<p class=\"MsoNormal\" style=\"margin-top: 0px;margin-bottom: 1rem;font-family: -apple-system, BlinkMacSystemFont,\"><span style=\"font-size: 11pt;font-family:\"><\/span><span style=\"font-weight: bolder\"><span style=\"font-size: 11pt;font-family:\">SCOPUL proiectului<\/span><\/span><span style=\"font-size: 11pt;font-family:\">\u00a0<\/span><span lang=\"RO\" style=\"font-size: 11pt;font-family:\">\u00eel reprezint\u0103 crearea unei\u00a0<\/span><span style=\"font-size: 11pt;font-family:\">PlatformeUnic\u0103 de Livrare a Serviciilor, \u00een care vor fi integrate toate serviciile dedicate angajatorilor, facilit\u00e2ndu-se, astfel, interac\u021biunea acestora cu agen\u021biile teritoriale pentru ocuparea for\u021bei de munc\u0103, \u00een special prin cre\u0219terea eficien\u021bei \u00een cadrula activit\u0103\u021bii de depunere a documentelor, reduc\u00e2ndu-se, substan\u021bial, timpul alocat acestei activit\u0103\u021bi.<\/span><\/p>\n<p class=\"MsoNormal\" style=\"margin-top: 0px;margin-bottom: 1rem;font-family: -apple-system, BlinkMacSystemFont,\"><span style=\"font-size: 11pt;font-family:\"><\/span><span style=\"font-weight: bolder\"><span style=\"font-size: 11pt;font-family:\">BUGETUL estimat al proiectului<\/span><\/span><span style=\"font-size: 11pt;font-family:\">:<\/span><\/p>\n<p class=\"MsoNormal\" style=\"margin-top: 0px;margin-bottom: 1rem;font-family: -apple-system, BlinkMacSystemFont,\"><span style=\"font-size: 11pt;font-family:\">-17.812.298 euro (86.769.049 lei), din care, aproximativ, 15.039.874 euro<span>\u00a0reprezint\u0103 cheltuieli totale nerambursabile, la cursul de referin\u021b\u0103 al BNR 1 euro = 4,8 lei.<\/span><\/span><\/p>\n<div class=\"file-list-wrap\">\n<ul class=\"file-list\">\n<li><a href=\"\/upload2\/Buz\u0103u\/18663\/Informare_eSpor_1_2021.pdf\" download>Informare_eSpor_1_2021.pdf<\/a><\/li>\n<li><a href=\"\/upload2\/Buz\u0103u\/18663\/e-spor_afis_a3.pdf\" download>e-spor_afis_a3.pdf<\/a><\/li>\n<li><a href=\"\/upload2\/Buz\u0103u\/18663\/rel_spo_ang_espor_brosura.pdf\" download>rel_spo_ang_espor_brosura.pdf<\/a><\/li>\n<li><a href=\"\/upload2\/Buz\u0103u\/18663\/espor_iun2022.pdf\" download>espor_iun2022.pdf<\/a><\/li>\n<li><a href=\"\/upload2\/Buz\u0103u\/18663\/Newsletter_nr._2_18.01.2023.pdf\" download>Newsletter_nr._2_18.01.2023.pdf<\/a><\/li>\n<li><a href=\"\/upload2\/Buz\u0103u\/18663\/Newsletter_nr._3_02.2023.pdf\" download>Newsletter_nr._3_02.2023.pdf<\/a><\/li>\n<li><a href=\"\/upload2\/Buz\u0103u\/18663\/Newsletter_nr._5_05.2023.pdf\" download>Newsletter_nr._5_05.2023.pdf<\/a><\/li>\n<li><a href=\"\/upload2\/Buz\u0103u\/18663\/Newsletter_nr._8_08.2023.pdf\" download>Newsletter_nr._8_08.2023.pdf<\/a><\/li>\n<li><a href=\"\/upload2\/Buz\u0103u\/18663\/Newsletter_nr._9_ok.pdf\" download>Newsletter_nr._9_ok.pdf<\/a><\/li>\n<li><a href=\"\/upload2\/Buz\u0103u\/18663\/Cum_gasesti_un_loc_de_munca_in_Romania.pdf\" download>Cum_gasesti_un_loc_de_munca_in_Romania.pdf<\/a><\/li>\n<\/ul>\n<\/div>\n","protected":false},"excerpt":{"rendered":"<p>Rela\u021bia SPO cu angajatorii &#8211; eSPOR<\/p>\n","protected":false},"author":0,"featured_media":0,"comment_status":"closed","ping_status":"closed","sticky":false,"template":"","format":"standard","meta":{"footnotes":""},"categories":[20],"tags":[],"class_list":["post-241","post","type-post","status-publish","format-standard","hentry","category-proiecte"],"_links":{"self":[{"href":"https:\/\/www.anofm.ro\/buzau\/wp-json\/wp\/v2\/posts\/241","targetHints":{"allow":["GET"]}}],"collection":[{"href":"https:\/\/www.anofm.ro\/buzau\/wp-json\/wp\/v2\/posts"}],"about":[{"href":"https:\/\/www.anofm.ro\/buzau\/wp-json\/wp\/v2\/types\/post"}],"replies":[{"embeddable":true,"href":"https:\/\/www.anofm.ro\/buzau\/wp-json\/wp\/v2\/comments?post=241"}],"version-history":[{"count":0,"href":"https:\/\/www.anofm.ro\/buzau\/wp-json\/wp\/v2\/posts\/241\/revisions"}],"wp:attachment":[{"href":"https:\/\/www.anofm.ro\/buzau\/wp-json\/wp\/v2\/media?parent=241"}],"wp:term":[{"taxonomy":"category","embeddable":true,"href":"https:\/\/www.anofm.ro\/buzau\/wp-json\/wp\/v2\/categories?post=241"},{"taxonomy":"post_tag","embeddable":true,"href":"https:\/\/www.anofm.ro\/buzau\/wp-json\/wp\/v2\/tags?post=241"}],"curies":[{"name":"wp","href":"https:\/\/api.w.org\/{rel}","templated":true}]}}