{"id":224,"date":"2021-08-04T00:00:00","date_gmt":"2021-08-03T21:00:00","guid":{"rendered":"https:\/\/www.anofm.ro\/buzau\/bursa-locurilor-de-munca-la-solicitarea-aaylex-prod-sa\/"},"modified":"2021-08-04T00:00:00","modified_gmt":"2021-08-03T21:00:00","slug":"bursa-locurilor-de-munca-la-solicitarea-aaylex-prod-sa","status":"publish","type":"post","link":"https:\/\/www.anofm.ro\/buzau\/bursa-locurilor-de-munca-la-solicitarea-aaylex-prod-sa\/","title":{"rendered":"Bursa locurilor de munc\u0103 la solicitarea AAYLEX PROD SA"},"content":{"rendered":"<h3 style=\"margin: 0px auto;padding: 0px;font-size: 1.1em;line-height: 14.784px;font-family: Verdana, Arial, Helvetica, sans-serif\">La cererea AAYLEX PROD SA \u2013 AJOFM Buz\u0103u va organiza \u00een colaborare cu autorit\u0103\u021bile locale din Gher\u0103seni, Bradeanu \u0219i Scutelnici, in perioada 09-12 August 2021, Burse ale locurilor de munca pentru persoanele care \u00een c\u0103utarea unui loc de munc\u0103 cu domiciliul \u00een localit\u0103\u021bile men\u021bionate mai sus. Calendarul intalnirilor cu reprezentantii firmei fiind urmatorul:<\/h3>\n<li style=\"margin: 0px auto;padding: 0px\">Gher\u0103seni \u2013 Luni 09 August, ora 9 \u2013 la sediul Prim\u0103riei<\/li>\n<li style=\"margin: 0px auto;padding: 0px\">Br\u0103deanu \u2013 Miercuri 11 August, ora 10 \u2013 la sediul C\u0103minului Cultural Mitropolia<\/li>\n<li style=\"margin: 0px auto;padding: 0px\">Scutelnici \u2013 Joi 12 August \u2013 Locul \u0219i ora nu au fost stabilite \u00eenc\u0103 cu reprezentan\u021bii autorit\u0103\u021bii locale<\/li>\n<h2 style=\"margin: 7px 0px 2px;font-weight: 500;line-height: 16.128px;font-size: 2rem;padding: 0px\"><font style=\"font-size: 14px\">La Bursa locurilor de munc\u0103 (la solicitarea AAYLEX PROD SA), desfasurata, luni 09.08.2021, la Gheraseni, au participat 54 de persoane. Dintre acestea au fost selectate 9 persoane pentru angajare.\u00a0<\/font><\/h2>\n<p><span style=\"font-size: 14px\">Imagini:<\/span><span style=\"font-size: 14px\">\u00a0<\/span><a style=\"font-size: 14px;background-color: transparent\" href=\"\/upload\/17339\/gheraseni1a.jpg\">1<\/a><span style=\"font-size: 14px\">,<\/span><span style=\"font-size: 14px\">\u00a0<\/span><a style=\"font-size: 14px;background-color: transparent\" href=\"\/upload\/17339\/gheraseni2a.jpg\">2<\/a><span style=\"font-size: 14px\">,<\/span><span style=\"font-size: 14px\">\u00a0<\/span><a style=\"font-size: 14px;background-color: transparent\" href=\"\/upload\/17339\/gheraseni3a.jpg\">3<\/a><span style=\"font-size: 14px\">.<\/p>\n<p><span style=\"font-family: Verdana, sans-serif;font-size: 10.5pt;font-weight: bolder\">La Bursa locurilor de munc\u0103 (la solicitarea AAYLEX PROD SA), desfasurata, miercuri 11.08.2021, la Bradeanu, au participat 86 de persoane. Dintre acestea au fost selectate 27 persoane pentru angajare.<\/span><\/p>\n<p><\/span><span style=\"font-size: 14px\"><\/p>\n<p><span style=\"font-family: Verdana, sans-serif;font-size: 10.5pt;font-weight: bolder\">Imagini:<\/span><span style=\"font-family: Verdana, sans-serif;font-size: 10.5pt;font-weight: bolder\">\u00a0<\/span><a style=\"font-family: Verdana, sans-serif;font-size: 10.5pt;font-weight: bolder;background-color: transparent\" href=\"\/upload\/17379\/Bradeanu0a.jpg\">1<\/a><span style=\"font-family: Verdana, sans-serif;font-size: 10.5pt;font-weight: bolder\">,<\/span><span style=\"font-family: Verdana, sans-serif;font-size: 10.5pt;font-weight: bolder\">\u00a0<\/span><a style=\"font-family: Verdana, sans-serif;font-size: 10.5pt;font-weight: bolder;background-color: transparent\" href=\"\/upload\/17379\/Bradeanu1a.jpg\">2<\/a><span style=\"font-family: Verdana, sans-serif;font-size: 10.5pt;font-weight: bolder\">,<\/span><span style=\"font-family: Verdana, sans-serif;font-size: 10.5pt;font-weight: bolder\">\u00a0<\/span><a style=\"font-family: Verdana, sans-serif;font-size: 10.5pt;font-weight: bolder;background-color: transparent\" href=\"\/upload\/17379\/Bradeanu3a.jpg\">3<\/a><span style=\"font-family: Verdana, sans-serif;font-size: 10.5pt;font-weight: bolder\">,<\/span><span style=\"font-family: Verdana, sans-serif;font-size: 10.5pt;font-weight: bolder\">\u00a0<\/span><a style=\"font-family: Verdana, sans-serif;font-size: 10.5pt;font-weight: bolder;background-color: transparent\" href=\"\/upload\/17379\/Bradeanu4a.jpg\">4<\/a><span style=\"font-family: Verdana, sans-serif;font-size: 10.5pt;font-weight: bolder\">.<\/p>\n<p><\/span><\/p>\n<h2 style=\"margin: 7px 0px 2px;font-weight: 500;line-height: 12.9024px;font-size: 2rem;padding: 0px\"><font style=\"font-size: 14px\">La Bursa locurilor de munc\u0103 (la solicitarea AAYLEX PROD SA), desfasurata, miercuri 12.08.2021, la Scutelnici, au participat 49 de persoane. Dintre acestea au fost selectate 14 persoane pentru angajare.<\/font><\/h2>\n<p><\/span><\/p>\n<p style=\"margin-top: 0px;margin-bottom: 1rem;font-family: -apple-system, BlinkMacSystemFont,\">Imagini:\u00a0<a style=\"background-color: transparent\" href=\"\/upload\/17380\/scutelnici_1.jpg\">1<\/a>,\u00a0<a style=\"background-color: transparent\" href=\"\/upload\/17380\/scutelnici_2.jpg\">2<\/a>.<\/p>\n<\/p>\n<p><span style=\"font-size: 14px\"><\/span><\/p>\n","protected":false},"excerpt":{"rendered":"<p>La cererea AAYLEX PROD SA \u2013 AJOFM Buz\u0103u va organiza \u00een colaborare cu autorit\u0103\u021bile locale din Gher\u0103seni, Bradeanu \u0219i Scutelnici, perioada 09-12 August 2021, Burse ale locurilor de munca<\/p>\n","protected":false},"author":0,"featured_media":0,"comment_status":"closed","ping_status":"closed","sticky":false,"template":"","format":"standard","meta":{"footnotes":""},"categories":[9],"tags":[],"class_list":["post-224","post","type-post","status-publish","format-standard","hentry","category-comunicate-de-presa"],"_links":{"self":[{"href":"https:\/\/www.anofm.ro\/buzau\/wp-json\/wp\/v2\/posts\/224","targetHints":{"allow":["GET"]}}],"collection":[{"href":"https:\/\/www.anofm.ro\/buzau\/wp-json\/wp\/v2\/posts"}],"about":[{"href":"https:\/\/www.anofm.ro\/buzau\/wp-json\/wp\/v2\/types\/post"}],"replies":[{"embeddable":true,"href":"https:\/\/www.anofm.ro\/buzau\/wp-json\/wp\/v2\/comments?post=224"}],"version-history":[{"count":0,"href":"https:\/\/www.anofm.ro\/buzau\/wp-json\/wp\/v2\/posts\/224\/revisions"}],"wp:attachment":[{"href":"https:\/\/www.anofm.ro\/buzau\/wp-json\/wp\/v2\/media?parent=224"}],"wp:term":[{"taxonomy":"category","embeddable":true,"href":"https:\/\/www.anofm.ro\/buzau\/wp-json\/wp\/v2\/categories?post=224"},{"taxonomy":"post_tag","embeddable":true,"href":"https:\/\/www.anofm.ro\/buzau\/wp-json\/wp\/v2\/tags?post=224"}],"curies":[{"name":"wp","href":"https:\/\/api.w.org\/{rel}","templated":true}]}}