{"id":166,"date":"2020-03-23T00:00:00","date_gmt":"2020-03-22T22:00:00","guid":{"rendered":"https:\/\/www.anofm.ro\/buzau\/referitor-la-somajul-tehnic\/"},"modified":"2020-03-23T00:00:00","modified_gmt":"2020-03-22T22:00:00","slug":"referitor-la-somajul-tehnic","status":"publish","type":"post","link":"https:\/\/www.anofm.ro\/buzau\/referitor-la-somajul-tehnic\/","title":{"rendered":"REFERITOR LA SOMAJUL TEHNIC"},"content":{"rendered":"<h5 style=\"margin-bottom:0cm;margin-bottom:.0001pt;line-height:115%;background:white\"><b><span style=\"line-height: 115%;font-family: Verdana, sans-serif\"><font style=\"font-size: 12px\">Pasii<br \/>\nde parcurs in vederea accesarii drepturilor de somaj tehnic:<\/font><\/span><\/b><br \/>\n<\/h5>\n<p><b style=\"text-indent: 0cm\"><span style=\"font-size:10.0pt;line-height:115%;font-family:\">1.<span style=\"font-weight: normal;font-size: 7pt;line-height: normal;font-family:\">\u00a0<\/span><\/span><\/b><font style=\"font-size: 12px\"><b style=\"text-indent: 0cm\"><span style=\"line-height: 15.3333px;font-family: Verdana, sans-serif\"><a href=\"\/upload\/11599\/extrase_somaj_tehnic_oug32.pdf\">Cititi prevederile OUG 30\/2020 completata si modificata cu OUG 32 \/2020<\/a><\/span><\/b><b style=\"text-indent: 0cm\"><span style=\"line-height: 115%;font-family: Verdana, sans-serif\"><span style=\"font-weight: normal;line-height: normal;font-family:\">\u00a0<\/span><\/span><\/b><\/font>\n<\/p>\n<p><span style=\"line-height: 115%\"><span style=\"font-family: Verdana, sans-serif;font-size: 10pt;font-weight: bold\">2.<\/span><span style=\"font-family:\">\u00a0<\/span><\/span><b><span style=\"line-height: 115%;font-family: Verdana, sans-serif\"><font style=\"font-size: 12px\">Daca nu ati suspendat<br \/>\ndeja contractele de munca &#8211; SUSPENDATI contractele de munca cu ART. 52, alin.1,<br \/>\nlit.c. Cei care au suspendate contractele de munca pana la data de 16 Martie<br \/>\ninclusiv, beneficiaza de somaj tehnic incepand cu data de 16 Martie, iar cei<br \/>\ncare au suspendate contractele de munca dupa 16 Martie &#8211; beneficiaza de somaj<br \/>\ntehnic incepand cu data suspendarii<\/font><span style=\"font-size: 10pt\"><\/span><\/span><\/b>\n<\/p>\n<h5 style=\"margin-top: 0px;margin-bottom: 1rem;font-family: -apple-system, BlinkMacSystemFont,\"><b><span style=\"font-size:10.0pt;line-height:115%;font-family:\"><span>3.<span style=\"font:7.0pt\">\u00a0<\/span><\/span><\/span><\/b><font><span style=\"font-size: 12px;font-family: -apple-system, BlinkMacSystemFont,\">Documentele necesare acord\u0103rii \u0219omajului tehnic pentru angaja\u021bii c\u0103rora li s-a suspendat temporar contractul individual de munc\u0103 din ini\u021biativa angajatorului, potrivit art. 52 alin. (1) lit. c) din Legea nr. 53\/2003 &#8211; Codul muncii, se vor desc\u0103rca \u015fi vor fi transmise agen\u0163iilor pentru ocuparea for\u0163ei de munc\u0103 acces\u00e2nd link-ul:\u00a0<\/span><span style=\"font-size: 12px;font-family: -apple-system, BlinkMacSystemFont,\">\u00a0<\/span><a href=\"https:\/\/aici.gov.ro\/\" style=\"font-family: -apple-system, BlinkMacSystemFont,\"><font style=\"font-size: 14px\">https:\/\/aici.gov.ro\/<br \/><\/font><\/a><\/font><font style=\"font-size: 12px\">\u00cen platforma digital\u0103 se reg\u0103sesc:<br \/><\/font><font style=\"font-size: 12px\">&#8211; cererea pentru acordarea \u015fomajului tehnic<br \/><\/font><font style=\"font-size: 12px\">&#8211; declara\u0163ia pe propria r\u0103spundere a angajatorului<br \/><\/font><font style=\"font-size: 12px\">&#8211; lista persoanelor persoanelor c\u0103rora li s-a suspendat contractul individual de munc\u0103, din ini\u021biativa angajatorului, potrivit art. 52 alin. (1) lit. c) din Legea nr. 53\/2003 &#8211; Codul muncii<\/font><br \/>\n<\/h5>\n<p><b><span style=\"font-size:10.0pt;line-height:115%;font-family:\">ATENTIE!<\/span><\/b><b><span style=\"font-size:10.0pt;line-height:115%;font-family:\"><\/span><\/b>\n<\/p>\n<p><span style=\"line-height: 115%\"><span style=\"font-family:\">o<\/span><span style=\"font-family:\">\u00a0<\/span><\/span><b><span style=\"line-height: 115%;font-family: Verdana, sans-serif\"><font style=\"font-size: 12px\">Rubrica de &#8222;Salariul<br \/>\nde baz\u0103 brut corespunz\u0103tor locului de munc\u0103 ocupat&#8221; &#8211; se completeaza cu<br \/>\nsalariul de baza brut pe luna intreaga!<\/font><\/span><\/b>\n<\/p>\n<p><font style=\"font-size: 12px\"><span style=\"line-height: 115%\"><span style=\"font-family:\">o<\/span><span style=\"font-family:\">\u00a0<\/span><\/span><b><span style=\"line-height: 115%;font-family: Verdana, sans-serif\">Rubrica de<br \/>\n&#8222;Indemniza\u0163ia solicitat\u0103&#8221; &#8211; se completeaza cu Salariul de baza brut<br \/>\npe luna intreaga X (numarul de zile lucratoare suspendate\/ numarul totat de<br \/>\nzile lucratoare) X 75%<\/span><\/b><\/font>\n<\/p>\n<p><font style=\"font-size: 12px\"><span style=\"line-height: 115%;font-family:\"><span>o\u00a0<\/span><\/span><b><span style=\"line-height: 115%;font-family: Verdana, sans-serif\"><a href=\"\/upload\/11599\/isced.pdf\">Lista ISCED<\/a><\/span><\/b><\/font><b><span style=\"font-size:10.0pt;line-height:115%;font-family:\"><\/span><\/b>\n<\/p>\n<p><b><span style=\"font-size:10.0pt;line-height:115%;font-family:\"><span>4.<span style=\"font:7.0pt\">\u00a0\u00a0<\/span><\/span><\/span><\/b><font style=\"font-size: 12px\"><b><u><span style=\"line-height: 115%;font-family: Verdana, sans-serif\">Pentru luna incheiata,<br \/>\nincepand cu data de 1 a lunii urmatoare<\/span><\/u><\/b><b><span style=\"line-height: 115%;font-family: Verdana, sans-serif\">, trimiteti cele 3 formulare semnate electronic sau in cazul in<br \/>\ncare nu aveti semnatura electronica &#8211; semnate olograf si scanate &#8211; PLUS LISTA<br \/>\nPERSOANELOR IN FORMAT EXCEL &#8211; la adresa de e-mail:\u00a0<\/span><\/b><b><span style=\"line-height: 115%;font-family: Verdana, sans-serif;color: red\">buzau@anofm.gov.ro<\/span><\/b><\/font><b><span style=\"line-height: 115%;font-family: Verdana, sans-serif\"><font style=\"font-size: 12px\">. O sa primiti o<br \/>\nconfirmare pe mail la momentul procesarii cererii!<\/font><span style=\"font-size: 10pt\"><\/span><\/span><\/b>\n<\/p>\n<p><b><span style=\"line-height: 115%;font-family: Verdana, sans-serif\"><span style=\"font-size: 10pt\">5.<\/span><span style=\"font: 7pt\">\u00a0<\/span><\/span><\/b><b><span style=\"line-height: 13.8px;font-family: Verdana, sans-serif\"><font style=\"font-size: 12px\">In termen de 15 zile AJOFM Buzau vireaza sumele cerute(PENTRU CARE VA ASUMATI RESPONSABILITATEA CORECTITUDINII LOR!!) in conturile mentionate in documentatie<\/font><\/span><\/b><b style=\"text-indent: 0cm\"><span style=\"line-height: 115%;font-family: Verdana, sans-serif\"><span style=\"font-weight: normal;font-size: 7pt;line-height: normal;font-family:\">\u00a0\u00a0\u00a0\u00a0\u00a0\u00a0\u00a0\u00a0\u00a0\u00a0<\/span><span style=\"font-weight: normal;line-height: normal;font-family:\"><\/span><\/span><\/b>\n<\/p>\n<p><span style=\"line-height: 115%\"><span style=\"font-family: Verdana, sans-serif;font-size: 10pt;font-weight: bold\">6.<\/span><span style=\"font-family:\">\u00a0<\/span><\/span><b><span style=\"line-height: 115%;font-family: Verdana, sans-serif\"><font style=\"font-size: 12px\">In termen de 3 zile<br \/>\nlucratoare de la virarea sumelor de catre AJOFM Buzau &#8211; faceti plata<br \/>\nindemnizatiei nete catre angajati<\/font><span style=\"font-size: 10pt\"><\/span><\/span><\/b>\n<\/p>\n<p><b><span style=\"line-height: 115%;font-family: Verdana, sans-serif\"><font style=\"font-size: 12px\">&#8211; <a href=\"\/upload\/11599\/extrase_somaj_tehnic_oug32.pdf\">Extrase din OUG 30\/2020<br \/>\nconsolidat cu OUG 32\/2020 &#8211; referitoare la somajul tehnic<\/a><\/font><\/span><\/b><b><span style=\"font-size:10.0pt;line-height:115%;font-family:\"><\/span><\/b>\n<\/p>\n<p><span style=\"line-height: 115%;font-family: Verdana, sans-serif\"><font style=\"font-size: 12px\"><a href=\"\/upload\/11599\/oug32_somajtehnic.pdf\">Ordonan\u021ba de urgen\u021b\u0103 nr.<br \/>\n32\/2020<\/a> privind modificarea \u015fi completarea Ordonan\u0163ei de urgen\u0163\u0103 a Guvernului<br \/>\nnr. 30\/2020 pentru modificarea \u015fi completarea unor acte normative, precum \u015fi<br \/>\npentru stabilirea unor m\u0103suri \u00een domeniul protec\u0163iei sociale \u00een contextul<br \/>\nsitua\u0163iei epidemiologice determinate de r\u0103sp\u00e2ndirea coronavirusului SARS-CoV-2<br \/>\n\u015fi pentru stabilirea unor m\u0103suri suplimentare de protec\u0163ie social\u0103<\/font><\/span><span style=\"font-size:10.0pt;line-height:115%;font-family:\"><\/span>\n<\/p>\n<p><span style=\"line-height: 115%;font-family: Verdana, sans-serif\"><font style=\"font-size: 12px\"><a href=\"\/upload\/11599\/oug30_somajtehnic.pdf\">Ordonan\u021ba de urgen\u021b\u0103 nr.<br \/>\n30\/2020<\/a> pentru modificarea \u0219i completarea unor acte normative, precum \u0219i pentru<br \/>\nstabilirea unor m\u0103suri \u00een domeniul protec\u021biei sociale \u00een contextul situa\u021biei<br \/>\nepidemiologice determinate de r\u0103sp\u00e2ndirea coronavirusului SARS-CoV-2<\/font><\/span><span style=\"font-size:10.0pt;line-height:115%;font-family:\"><\/span>\n<\/p>\n<p><b><span style=\"font-size:10.0pt;line-height:115%;font-family:\">IMPORTANT<\/span><\/b>\n<\/p>\n<p><span style=\"font-size:10.0pt;line-height:115%;font-family:\">Documentele in vederea<br \/>\nobtinerii finantarii somajului tehnic de la bugetul asigurarilor pentru somaj<br \/>\nse depun\u00a0<\/span><b><span style=\"font-size:10.0pt;line-height:115%;font-family:\">dupa 1 Aprilie pentru<br \/>\nluna Martie<\/span><\/b><span style=\"font-size:10.0pt;line-height:115%;font-family:\">. La momentul de fata se<br \/>\nasteapta aparitia normelor de aplicare ale OUG 30\/2002, urmand ca dupa aceea sa<br \/>\npublicam pe site pasii concreti si documentatia completa in vederea obtinerii<br \/>\nsumelor pentru somajul tehnic!!!<\/span>\n<\/p>\n<p><span style=\"line-height: 115%;font-family: Verdana, sans-serif\"><font style=\"font-size: 12px\">CALL CENTER ANOFM &#8211; SOMAJ<br \/>\nTEHNIC &#8211; 021\/4444-000<\/font><span style=\"font-size: 10pt\"><\/span><\/span>\n<\/p>\n<p><span style=\"font-size:10.0pt;line-height:115%;font-family:\">&#8211; Numar de telefon pentru<br \/>\ninformatii privind somajul tehnic &#8211; 0238.720.229<\/span><\/p>\n","protected":false},"excerpt":{"rendered":"<p>REFERITOR LA SOMAJUL TEHNIC<\/p>\n","protected":false},"author":0,"featured_media":0,"comment_status":"closed","ping_status":"closed","sticky":false,"template":"","format":"standard","meta":{"footnotes":""},"categories":[9],"tags":[],"class_list":["post-166","post","type-post","status-publish","format-standard","hentry","category-comunicate-de-presa"],"_links":{"self":[{"href":"https:\/\/www.anofm.ro\/buzau\/wp-json\/wp\/v2\/posts\/166","targetHints":{"allow":["GET"]}}],"collection":[{"href":"https:\/\/www.anofm.ro\/buzau\/wp-json\/wp\/v2\/posts"}],"about":[{"href":"https:\/\/www.anofm.ro\/buzau\/wp-json\/wp\/v2\/types\/post"}],"replies":[{"embeddable":true,"href":"https:\/\/www.anofm.ro\/buzau\/wp-json\/wp\/v2\/comments?post=166"}],"version-history":[{"count":0,"href":"https:\/\/www.anofm.ro\/buzau\/wp-json\/wp\/v2\/posts\/166\/revisions"}],"wp:attachment":[{"href":"https:\/\/www.anofm.ro\/buzau\/wp-json\/wp\/v2\/media?parent=166"}],"wp:term":[{"taxonomy":"category","embeddable":true,"href":"https:\/\/www.anofm.ro\/buzau\/wp-json\/wp\/v2\/categories?post=166"},{"taxonomy":"post_tag","embeddable":true,"href":"https:\/\/www.anofm.ro\/buzau\/wp-json\/wp\/v2\/tags?post=166"}],"curies":[{"name":"wp","href":"https:\/\/api.w.org\/{rel}","templated":true}]}}