{"id":15,"date":"2018-11-15T00:00:00","date_gmt":"2018-11-14T22:00:00","guid":{"rendered":"https:\/\/www.anofm.ro\/buzau\/intespo-inregistrarea-tinerilor-in-evidentele-serviciului-public-de-ocupare-pocu-135-2-3-113589\/"},"modified":"2018-11-15T00:00:00","modified_gmt":"2018-11-14T22:00:00","slug":"intespo-inregistrarea-tinerilor-in-evidentele-serviciului-public-de-ocupare-pocu-135-2-3-113589","status":"publish","type":"post","link":"https:\/\/www.anofm.ro\/buzau\/intespo-inregistrarea-tinerilor-in-evidentele-serviciului-public-de-ocupare-pocu-135-2-3-113589\/","title":{"rendered":"INTESPO \u2013 \u00cenregistrarea Tinerilor \u00een Evidentele Serviciului Public de Ocupare POCU\/135\/2\/3\/113589"},"content":{"rendered":"<div style=\"font-family:\">\n<div align=\"justify\">Proiectul vizeaza; cre\u0219terea num\u0103rului de tineri inactivi NEETs (Not in Education, Employment or Trening) \u00eenregistra\u021bi la Serviciul Public de Ocupare (SPO), precum \u0219i identificarea altor cel pu\u021bin\u00a0<strong>200.000 tineri NEETs inactivi, cu v\u00e2rsta \u00eentre 16-24 ne\u00eenregistra\u021bi la SPO<\/strong>.\n <\/div>\n<\/div>\n<p style=\"margin: 0px 0px 10px;font-family:\">\n<div style=\"font-family:\">\n<div align=\"justify\">\u00cen cadrul proiectului, sunt viza\u021bi \u00een special tinerii cu nivel sc\u0103zut de competen\u021be \u0219i care au dificult\u0103\u021bi \u00een a se integra social. Din totalul celor care vor fi identifica\u021bi, cel pu\u021bin\u00a0<strong>160.000 vor fi \u00eentegistra\u021bi la SPO<\/strong>\u00a0\u0219i vor beneficia de informare \u015fi consiliere profesional\u0103, inclusiv de profilare, iar dup\u0103 aceast\u0103 etap\u0103 vor fi \u00eendruma\u0163i c\u0103tre m\u0103sura activ\u0103 de care au nevoie sau c\u0103tre alte servicii (Prgramul Na\u0163ional \u015eansa a doua \u2013 Ministerul Educatiei Na\u0163ionale, servicii de asisten\u021b\u0103 social\u0103).\n <\/div>\n<\/div>\n<p style=\"margin: 0px 0px 10px;font-family:\">\n<div style=\"font-family:\">\n<div align=\"justify\">Proiectul noncompetitiv<strong><em>\u00a0INTESPO\u00a0<\/em><\/strong>introduce\u00a0<strong>managementul de caz<\/strong>\u00a0ca metod\u0103 de lucru cu tinerii NEETs, care presupune un proces de interac\u021biune \u00eencadrul re\u021belei de servicii (de asisten\u021b\u0103 sociala, educa\u021bie, ocupare) prin care se asigur\u0103 faptul c\u0103 beneficiarii primesc serviciile de care au nevoie \u00eentr-o form\u0103 de sprijin eficace \u0219i eficient\u0103.\n <\/div>\n<\/div>\n<p style=\"margin: 0px 0px 10px;font-family:\">\n<div style=\"font-family:\">\n<div align=\"justify\">Astfel, va exista o colaborare str\u00e2ns\u0103 \u00eentre SPO \u0219i autorit\u0103\u021bi locale, servicii de asisten\u021b\u0103 social\u0103, \u0219coal\u0103, servicii medicale, mediatori comunitari, poli\u021bie, biseric\u0103, ONG-uri implicate \u00een activit\u0103\u021bi destinate tinerilor \u0219i\/sau asisten\u021bei sociale comunitare, etc.<\/div>\n<\/p>\n<p><a href=\"\/upload\/1580\/informareintespo.docx\">Informare<\/a><\/p>\n<div align=\"justify\"><a href=\"\/upload\/1580\/fisaintespo.pdf\">Fisa proiect<\/a><\/div>\n<p><a style=\"font-family: sans-serif;font-size: 12px\" href=\"\/upload\/1580\/Informare_INTESPO_-Ianuarie_2019.docx\">Material informativ privind proiectul INTESPO<\/a>\n <\/p>\n<p><a style=\"margin: 0px auto;padding: 0px;font-family: Verdana, Arial, Helvetica, sans-serif;font-size: 12.8px\" href=\"\/upload\/1580\/expertintespo.pdf\">Date contact experti de ocupare din echipele locale de interventie<\/a><\/p>\n<\/div>\n","protected":false},"excerpt":{"rendered":"<p>Proiectul vizeaza; cre\u0219terea num\u0103rului de tineri inactivi NEETs (Not in Education, Employment or Trening) \u00eenregistra\u021bi la Serviciul Public de Ocupare (SPO), precum \u0219i identificarea altor cel pu\u021bin\u00a0200.000 tineri NEETs inactivi,<\/p>\n","protected":false},"author":0,"featured_media":0,"comment_status":"closed","ping_status":"closed","sticky":false,"template":"","format":"standard","meta":{"footnotes":""},"categories":[20],"tags":[],"class_list":["post-15","post","type-post","status-publish","format-standard","hentry","category-proiecte"],"_links":{"self":[{"href":"https:\/\/www.anofm.ro\/buzau\/wp-json\/wp\/v2\/posts\/15","targetHints":{"allow":["GET"]}}],"collection":[{"href":"https:\/\/www.anofm.ro\/buzau\/wp-json\/wp\/v2\/posts"}],"about":[{"href":"https:\/\/www.anofm.ro\/buzau\/wp-json\/wp\/v2\/types\/post"}],"replies":[{"embeddable":true,"href":"https:\/\/www.anofm.ro\/buzau\/wp-json\/wp\/v2\/comments?post=15"}],"version-history":[{"count":0,"href":"https:\/\/www.anofm.ro\/buzau\/wp-json\/wp\/v2\/posts\/15\/revisions"}],"wp:attachment":[{"href":"https:\/\/www.anofm.ro\/buzau\/wp-json\/wp\/v2\/media?parent=15"}],"wp:term":[{"taxonomy":"category","embeddable":true,"href":"https:\/\/www.anofm.ro\/buzau\/wp-json\/wp\/v2\/categories?post=15"},{"taxonomy":"post_tag","embeddable":true,"href":"https:\/\/www.anofm.ro\/buzau\/wp-json\/wp\/v2\/tags?post=15"}],"curies":[{"name":"wp","href":"https:\/\/api.w.org\/{rel}","templated":true}]}}