{"id":107,"date":"2019-11-21T00:00:00","date_gmt":"2019-11-20T22:00:00","guid":{"rendered":"https:\/\/www.anofm.ro\/buzau\/aprobarea-cadrului-legal-si-institutional-prin-care-organizatii-de-drept-public-sau-privat-pot-face-parte-din-reteaua-eures\/"},"modified":"2019-11-21T00:00:00","modified_gmt":"2019-11-20T22:00:00","slug":"aprobarea-cadrului-legal-si-institutional-prin-care-organizatii-de-drept-public-sau-privat-pot-face-parte-din-reteaua-eures","status":"publish","type":"post","link":"https:\/\/www.anofm.ro\/buzau\/aprobarea-cadrului-legal-si-institutional-prin-care-organizatii-de-drept-public-sau-privat-pot-face-parte-din-reteaua-eures\/","title":{"rendered":"Aprobarea cadrului legal si institutional prin care organizatii de drept public sau privat pot face parte din reteaua EURES"},"content":{"rendered":"<p><span style=\"font-family: -apple-system, BlinkMacSystemFont,\">\u00cen data de 31 August 2019 a intrat \u00een vigoare Ordonan\u021ba Guvernului nr. 22 din 27 august 2019 privind stabilirea unor m\u0103suri pentru aplicarea Regulamentului (UE) 2016\/589 al Parlamentului European \u015fi al Consiliului din 13 aprilie 2016 privind o re\u0163ea european\u0103 de servicii de ocupare a for\u0163ei de munc\u0103 (EURES), accesul lucr\u0103torilor la servicii de mobilitate \u015fi integrarea mai bun\u0103 a pie\u0163elor for\u0163ei de munc\u0103 \u015fi de modificare a Regulamentelor (UE) nr. 492\/2011 \u015fi (UE) nr. 1.296\/2013 publicat\u0103 \u00een Monitorul Oficial nr. 708 din 28 august 2019.\u00a0<\/span><\/p>\n<p><a href=\"\/upload\/9524\/Comunicat_de_presa_eures.doc\">Comunicat de pres\u0103 privind serviciile EURES<\/a><\/p>\n<p><a href=\"\/upload\/9524\/Comunicat_de_presa_eures.doc\"><\/a><\/p>\n","protected":false},"excerpt":{"rendered":"<p>\u00cen data de 31 August 2019 a intrat \u00een vigoare Ordonan\u021ba Guvernului nr. 22 din 27 august 2019 privind stabilirea unor m\u0103suri pentru aplicarea Regulamentului (UE) 2016\/589 al Parlamentului European<\/p>\n","protected":false},"author":0,"featured_media":0,"comment_status":"closed","ping_status":"closed","sticky":false,"template":"","format":"standard","meta":{"footnotes":""},"categories":[9],"tags":[],"class_list":["post-107","post","type-post","status-publish","format-standard","hentry","category-comunicate-de-presa"],"_links":{"self":[{"href":"https:\/\/www.anofm.ro\/buzau\/wp-json\/wp\/v2\/posts\/107","targetHints":{"allow":["GET"]}}],"collection":[{"href":"https:\/\/www.anofm.ro\/buzau\/wp-json\/wp\/v2\/posts"}],"about":[{"href":"https:\/\/www.anofm.ro\/buzau\/wp-json\/wp\/v2\/types\/post"}],"replies":[{"embeddable":true,"href":"https:\/\/www.anofm.ro\/buzau\/wp-json\/wp\/v2\/comments?post=107"}],"version-history":[{"count":0,"href":"https:\/\/www.anofm.ro\/buzau\/wp-json\/wp\/v2\/posts\/107\/revisions"}],"wp:attachment":[{"href":"https:\/\/www.anofm.ro\/buzau\/wp-json\/wp\/v2\/media?parent=107"}],"wp:term":[{"taxonomy":"category","embeddable":true,"href":"https:\/\/www.anofm.ro\/buzau\/wp-json\/wp\/v2\/categories?post=107"},{"taxonomy":"post_tag","embeddable":true,"href":"https:\/\/www.anofm.ro\/buzau\/wp-json\/wp\/v2\/tags?post=107"}],"curies":[{"name":"wp","href":"https:\/\/api.w.org\/{rel}","templated":true}]}}