{"id":7453,"date":"2026-04-30T17:00:00","date_gmt":"2026-04-30T14:00:00","guid":{"rendered":"https:\/\/www.anofm.ro\/bucuresti\/?p=7453"},"modified":"2026-04-30T17:00:00","modified_gmt":"2026-04-30T14:00:00","slug":"amofm-bucuresti-organizeaza-cursuri-gratuite-de-calificare-pentru-persoanele-aflate-in-cautarea-unui-loc-de-munca-3","status":"publish","type":"post","link":"https:\/\/www.anofm.ro\/bucuresti\/amofm-bucuresti-organizeaza-cursuri-gratuite-de-calificare-pentru-persoanele-aflate-in-cautarea-unui-loc-de-munca-3\/","title":{"rendered":"AMOFM Bucure\u0219ti organizeaz\u0103 cursuri gratuite de calificare pentru persoanele aflate \u00een c\u0103utarea unui loc de munc\u0103"},"content":{"rendered":"\n<figure class=\"wp-block-image size-large\"><img loading=\"lazy\" decoding=\"async\" width=\"1024\" height=\"639\" src=\"https:\/\/www.anofm.ro\/bucuresti\/wp-content\/uploads\/sites\/11\/2026\/04\/cursuri-formare-1024x639.jpg\" alt=\"\" class=\"wp-image-7454\" srcset=\"https:\/\/www.anofm.ro\/bucuresti\/wp-content\/uploads\/sites\/11\/2026\/04\/cursuri-formare-1024x639.jpg 1024w, https:\/\/www.anofm.ro\/bucuresti\/wp-content\/uploads\/sites\/11\/2026\/04\/cursuri-formare-516x322.jpg 516w, https:\/\/www.anofm.ro\/bucuresti\/wp-content\/uploads\/sites\/11\/2026\/04\/cursuri-formare-768x479.jpg 768w, https:\/\/www.anofm.ro\/bucuresti\/wp-content\/uploads\/sites\/11\/2026\/04\/cursuri-formare.jpg 1038w\" sizes=\"auto, (max-width: 1024px) 100vw, 1024px\" \/><\/figure>\n\n\n\n<p>Agen\u021bia Municipal\u0103 pentru Ocuparea For\u021bei de Munc\u0103 Bucure\u0219ti (AMOFM Bucure\u0219ti) va organizeaza, \u00een luna mai 2026, cursuri gratuite de formare profesional\u0103 destinate persoanelor aflate \u00een eviden\u021ba agen\u021biei \u0219i interesate s\u0103 dob\u00e2ndeasc\u0103 competen\u021be noi sau s\u0103 se recalifice pentru integrarea pe pia\u021ba muncii.<\/p>\n\n\n\n<div class=\"file-list-wrap\"><p class=\"h4\">Documente desc\u0103rcabile<\/p><ul class=\"file-list\">\n<li><a href=\"https:\/\/www.anofm.ro\/bucuresti\/wp-content\/uploads\/sites\/11\/2026\/04\/Comunicat-de-presa_programe-formare-profesionala-03_2026.pdf\" download>Comunicat-de-presa_programe-formare-profesionala-03_2026.pdf<\/a><\/li>\n<\/ul><\/div>\n\n\n\n<p><\/p>\n","protected":false},"excerpt":{"rendered":"<p>Agen\u021bia Municipal\u0103 pentru Ocuparea For\u021bei de Munc\u0103 Bucure\u0219ti (AMOFM Bucure\u0219ti) va organizeaza, \u00een luna mai 2026, cursuri gratuite de formare profesional\u0103 destinate persoanelor aflate \u00een eviden\u021ba agen\u021biei \u0219i interesate s\u0103<\/p>\n","protected":false},"author":36,"featured_media":0,"comment_status":"closed","ping_status":"closed","sticky":false,"template":"","format":"standard","meta":{"footnotes":""},"categories":[9],"tags":[],"class_list":["post-7453","post","type-post","status-publish","format-standard","hentry","category-comunicate-de-presa"],"_links":{"self":[{"href":"https:\/\/www.anofm.ro\/bucuresti\/wp-json\/wp\/v2\/posts\/7453","targetHints":{"allow":["GET"]}}],"collection":[{"href":"https:\/\/www.anofm.ro\/bucuresti\/wp-json\/wp\/v2\/posts"}],"about":[{"href":"https:\/\/www.anofm.ro\/bucuresti\/wp-json\/wp\/v2\/types\/post"}],"author":[{"embeddable":true,"href":"https:\/\/www.anofm.ro\/bucuresti\/wp-json\/wp\/v2\/users\/36"}],"replies":[{"embeddable":true,"href":"https:\/\/www.anofm.ro\/bucuresti\/wp-json\/wp\/v2\/comments?post=7453"}],"version-history":[{"count":1,"href":"https:\/\/www.anofm.ro\/bucuresti\/wp-json\/wp\/v2\/posts\/7453\/revisions"}],"predecessor-version":[{"id":7456,"href":"https:\/\/www.anofm.ro\/bucuresti\/wp-json\/wp\/v2\/posts\/7453\/revisions\/7456"}],"wp:attachment":[{"href":"https:\/\/www.anofm.ro\/bucuresti\/wp-json\/wp\/v2\/media?parent=7453"}],"wp:term":[{"taxonomy":"category","embeddable":true,"href":"https:\/\/www.anofm.ro\/bucuresti\/wp-json\/wp\/v2\/categories?post=7453"},{"taxonomy":"post_tag","embeddable":true,"href":"https:\/\/www.anofm.ro\/bucuresti\/wp-json\/wp\/v2\/tags?post=7453"}],"curies":[{"name":"wp","href":"https:\/\/api.w.org\/{rel}","templated":true}]}}