{"id":7438,"date":"2026-04-30T15:05:56","date_gmt":"2026-04-30T12:05:56","guid":{"rendered":"https:\/\/www.anofm.ro\/bucuresti\/?p=7438"},"modified":"2026-04-30T15:07:51","modified_gmt":"2026-04-30T12:07:51","slug":"a-m-o-f-m-bucuresti-organizeaza-bursa-locurilor-de-munca-%c8%8bn-data-de-12-mai-2026","status":"publish","type":"post","link":"https:\/\/www.anofm.ro\/bucuresti\/a-m-o-f-m-bucuresti-organizeaza-bursa-locurilor-de-munca-%c8%8bn-data-de-12-mai-2026\/","title":{"rendered":"A.M.O.F.M. Bucure\u0219ti organizeaz\u0103 Bursa Locurilor de Munc\u0103 \u020bn data de 12 mai 2026"},"content":{"rendered":"\n<div class=\"file-list-wrap\"><ul class=\"file-list\"><\/ul><\/div>\n\n\n\n<p>Agen\u021bia Municipal\u0103 pentru Ocuparea For\u021bei de Munc\u0103 Bucure\u0219ti va organiza, \u00een data de <strong>12 mai 2026<\/strong>, Bursa Locurilor de Munc\u0103, \u00een intervalul orar 08\u00b3\u2070 \u2013 13\u2070\u2070. Evenimentul va avea loc la Palatul Na\u021bional al Copiilor, situat pe Bulevardul Tineretului nr. 8\u201310, Sector 4, Bucure\u0219ti.<\/p>\n\n\n\n<div class=\"file-list-wrap\"><p class=\"h4\">Documente desc\u0103rcabile<\/p><ul class=\"file-list\">\n<li><a href=\"https:\/\/www.anofm.ro\/bucuresti\/wp-content\/uploads\/sites\/11\/2026\/04\/Comunicat-presa-BGLM-29.05.2026-1.pdf\" download>Comunicat-presa-BGLM-29.05.2026-1.pdf<\/a><\/li>\n<\/ul><\/div>\n","protected":false},"excerpt":{"rendered":"<p>Agen\u021bia Municipal\u0103 pentru Ocuparea For\u021bei de Munc\u0103 Bucure\u0219ti va organiza, \u00een data de 12 mai 2026, Bursa Locurilor de Munc\u0103, \u00een intervalul orar 08\u00b3\u2070 \u2013 13\u2070\u2070. Evenimentul va avea loc<\/p>\n","protected":false},"author":36,"featured_media":7439,"comment_status":"closed","ping_status":"closed","sticky":false,"template":"","format":"standard","meta":{"footnotes":""},"categories":[6,9,32,31],"tags":[],"class_list":["post-7438","post","type-post","status-publish","format-standard","has-post-thumbnail","hentry","category-burse-ale-locurilor-de-munca","category-comunicate-de-presa","category-ultimele-noutati","category-ultimele-noutati-slider"],"_links":{"self":[{"href":"https:\/\/www.anofm.ro\/bucuresti\/wp-json\/wp\/v2\/posts\/7438","targetHints":{"allow":["GET"]}}],"collection":[{"href":"https:\/\/www.anofm.ro\/bucuresti\/wp-json\/wp\/v2\/posts"}],"about":[{"href":"https:\/\/www.anofm.ro\/bucuresti\/wp-json\/wp\/v2\/types\/post"}],"author":[{"embeddable":true,"href":"https:\/\/www.anofm.ro\/bucuresti\/wp-json\/wp\/v2\/users\/36"}],"replies":[{"embeddable":true,"href":"https:\/\/www.anofm.ro\/bucuresti\/wp-json\/wp\/v2\/comments?post=7438"}],"version-history":[{"count":3,"href":"https:\/\/www.anofm.ro\/bucuresti\/wp-json\/wp\/v2\/posts\/7438\/revisions"}],"predecessor-version":[{"id":7444,"href":"https:\/\/www.anofm.ro\/bucuresti\/wp-json\/wp\/v2\/posts\/7438\/revisions\/7444"}],"wp:featuredmedia":[{"embeddable":true,"href":"https:\/\/www.anofm.ro\/bucuresti\/wp-json\/wp\/v2\/media\/7439"}],"wp:attachment":[{"href":"https:\/\/www.anofm.ro\/bucuresti\/wp-json\/wp\/v2\/media?parent=7438"}],"wp:term":[{"taxonomy":"category","embeddable":true,"href":"https:\/\/www.anofm.ro\/bucuresti\/wp-json\/wp\/v2\/categories?post=7438"},{"taxonomy":"post_tag","embeddable":true,"href":"https:\/\/www.anofm.ro\/bucuresti\/wp-json\/wp\/v2\/tags?post=7438"}],"curies":[{"name":"wp","href":"https:\/\/api.w.org\/{rel}","templated":true}]}}