{"id":7415,"date":"2026-04-27T14:10:43","date_gmt":"2026-04-27T11:10:43","guid":{"rendered":"https:\/\/www.anofm.ro\/bucuresti\/?p=7415"},"modified":"2026-04-27T14:11:37","modified_gmt":"2026-04-27T11:11:37","slug":"locuri-de-munca-%c8%8bn-uniunea-europeana-prin-intermediul-eures-romania-13","status":"publish","type":"post","link":"https:\/\/www.anofm.ro\/bucuresti\/locuri-de-munca-%c8%8bn-uniunea-europeana-prin-intermediul-eures-romania-13\/","title":{"rendered":"Locuri de munc\u0103 \u020bn Uniunea European\u0103 prin intermediul EURES Rom\u00e2nia"},"content":{"rendered":"\n<p>Angajatorii europeni ofer\u0103, prin intermediul re\u021belei EURES Rom\u00e2nia, <strong>194 de locuri de munc\u0103 vacante.<\/strong><\/p>\n\n\n\n<p>Ofertele sunt disponibile \u00een <strong>Danemarca, Norvegia, Italia, Germania, Olanda, Polonia \u0219i Irlanda<\/strong>, acoperind o gam\u0103 variat\u0103 de domenii, precum produc\u021bie industrial\u0103, transport, agricultur\u0103, procesare alimentar\u0103 \u0219i \u00eengrijire persoane.<\/p>\n\n\n\n<div class=\"file-list-wrap\"><p class=\"h4\">Documente desc\u0103rcabile<\/p><ul class=\"file-list\">\n<li><a href=\"https:\/\/www.anofm.ro\/bucuresti\/wp-content\/uploads\/sites\/11\/2026\/04\/Comunicat-de-presa-EURES-27.04.2026.pdf\" download>Comunicat-de-presa-EURES-27.04.2026.pdf<\/a><\/li>\n<\/ul><\/div>\n\n\n\n<p><\/p>\n","protected":false},"excerpt":{"rendered":"<p>Angajatorii europeni ofer\u0103, prin intermediul re\u021belei EURES Rom\u00e2nia, 194 de locuri de munc\u0103 vacante. Ofertele sunt disponibile \u00een Danemarca, Norvegia, Italia, Germania, Olanda, Polonia \u0219i Irlanda, acoperind o gam\u0103 variat\u0103<\/p>\n","protected":false},"author":359,"featured_media":7417,"comment_status":"closed","ping_status":"closed","sticky":false,"template":"","format":"standard","meta":{"footnotes":""},"categories":[9],"tags":[],"class_list":["post-7415","post","type-post","status-publish","format-standard","has-post-thumbnail","hentry","category-comunicate-de-presa"],"_links":{"self":[{"href":"https:\/\/www.anofm.ro\/bucuresti\/wp-json\/wp\/v2\/posts\/7415","targetHints":{"allow":["GET"]}}],"collection":[{"href":"https:\/\/www.anofm.ro\/bucuresti\/wp-json\/wp\/v2\/posts"}],"about":[{"href":"https:\/\/www.anofm.ro\/bucuresti\/wp-json\/wp\/v2\/types\/post"}],"author":[{"embeddable":true,"href":"https:\/\/www.anofm.ro\/bucuresti\/wp-json\/wp\/v2\/users\/359"}],"replies":[{"embeddable":true,"href":"https:\/\/www.anofm.ro\/bucuresti\/wp-json\/wp\/v2\/comments?post=7415"}],"version-history":[{"count":2,"href":"https:\/\/www.anofm.ro\/bucuresti\/wp-json\/wp\/v2\/posts\/7415\/revisions"}],"predecessor-version":[{"id":7419,"href":"https:\/\/www.anofm.ro\/bucuresti\/wp-json\/wp\/v2\/posts\/7415\/revisions\/7419"}],"wp:featuredmedia":[{"embeddable":true,"href":"https:\/\/www.anofm.ro\/bucuresti\/wp-json\/wp\/v2\/media\/7417"}],"wp:attachment":[{"href":"https:\/\/www.anofm.ro\/bucuresti\/wp-json\/wp\/v2\/media?parent=7415"}],"wp:term":[{"taxonomy":"category","embeddable":true,"href":"https:\/\/www.anofm.ro\/bucuresti\/wp-json\/wp\/v2\/categories?post=7415"},{"taxonomy":"post_tag","embeddable":true,"href":"https:\/\/www.anofm.ro\/bucuresti\/wp-json\/wp\/v2\/tags?post=7415"}],"curies":[{"name":"wp","href":"https:\/\/api.w.org\/{rel}","templated":true}]}}