{"id":7408,"date":"2026-04-23T09:46:34","date_gmt":"2026-04-23T06:46:34","guid":{"rendered":"https:\/\/www.anofm.ro\/bucuresti\/?p=7408"},"modified":"2026-04-23T09:46:34","modified_gmt":"2026-04-23T06:46:34","slug":"beneficii-pentru-angajatori-si-oportunitati-pentru-someri-cu-varsta-de-peste-30-de-ani-prin-proiectul-formactiv-formare-si-munca-activa-2","status":"publish","type":"post","link":"https:\/\/www.anofm.ro\/bucuresti\/beneficii-pentru-angajatori-si-oportunitati-pentru-someri-cu-varsta-de-peste-30-de-ani-prin-proiectul-formactiv-formare-si-munca-activa-2\/","title":{"rendered":"Beneficii pentru angajatori \u0219i oportunit\u0103\u021bi pentru \u0219omeri cu v\u00e2rsta de peste 30 de ani, prin Proiectul FORMACTIV \u2013 Formare \u0219i munc\u0103 activ\u0103"},"content":{"rendered":"\n<p>Proiectul\u00a0promoveaz\u0103 <strong>ucenicia la locul de munc\u0103<\/strong> ca solu\u021bie eficient\u0103 pentru reducerea\u00a0\u0219omajului \u0219i dezvoltarea competen\u021belor profesionale, oferind beneficii at\u00e2t angajatorilor, c\u00e2t\u00a0\u0219i persoanelor aflate \u00een c\u0103utarea unui loc de munc\u0103.<\/p>\n\n\n\n<div class=\"file-list-wrap\"><p class=\"h4\">Documente desc\u0103rcabile<\/p><ul class=\"file-list\">\n<li><a href=\"https:\/\/www.anofm.ro\/bucuresti\/wp-content\/uploads\/sites\/11\/2026\/04\/Comunicat-de-presa-FORMACTIV-23.04_2026.pdf\" download>Comunicat-de-presa-FORMACTIV-23.04_2026.pdf<\/a><\/li>\n<\/ul><\/div>\n","protected":false},"excerpt":{"rendered":"<p>Proiectul\u00a0promoveaz\u0103 ucenicia la locul de munc\u0103 ca solu\u021bie eficient\u0103 pentru reducerea\u00a0\u0219omajului \u0219i dezvoltarea competen\u021belor profesionale, oferind beneficii at\u00e2t angajatorilor, c\u00e2t\u00a0\u0219i persoanelor aflate \u00een c\u0103utarea unui loc de munc\u0103.<\/p>\n","protected":false},"author":359,"featured_media":7409,"comment_status":"closed","ping_status":"closed","sticky":false,"template":"","format":"standard","meta":{"footnotes":""},"categories":[9],"tags":[],"class_list":["post-7408","post","type-post","status-publish","format-standard","has-post-thumbnail","hentry","category-comunicate-de-presa"],"_links":{"self":[{"href":"https:\/\/www.anofm.ro\/bucuresti\/wp-json\/wp\/v2\/posts\/7408","targetHints":{"allow":["GET"]}}],"collection":[{"href":"https:\/\/www.anofm.ro\/bucuresti\/wp-json\/wp\/v2\/posts"}],"about":[{"href":"https:\/\/www.anofm.ro\/bucuresti\/wp-json\/wp\/v2\/types\/post"}],"author":[{"embeddable":true,"href":"https:\/\/www.anofm.ro\/bucuresti\/wp-json\/wp\/v2\/users\/359"}],"replies":[{"embeddable":true,"href":"https:\/\/www.anofm.ro\/bucuresti\/wp-json\/wp\/v2\/comments?post=7408"}],"version-history":[{"count":1,"href":"https:\/\/www.anofm.ro\/bucuresti\/wp-json\/wp\/v2\/posts\/7408\/revisions"}],"predecessor-version":[{"id":7411,"href":"https:\/\/www.anofm.ro\/bucuresti\/wp-json\/wp\/v2\/posts\/7408\/revisions\/7411"}],"wp:featuredmedia":[{"embeddable":true,"href":"https:\/\/www.anofm.ro\/bucuresti\/wp-json\/wp\/v2\/media\/7409"}],"wp:attachment":[{"href":"https:\/\/www.anofm.ro\/bucuresti\/wp-json\/wp\/v2\/media?parent=7408"}],"wp:term":[{"taxonomy":"category","embeddable":true,"href":"https:\/\/www.anofm.ro\/bucuresti\/wp-json\/wp\/v2\/categories?post=7408"},{"taxonomy":"post_tag","embeddable":true,"href":"https:\/\/www.anofm.ro\/bucuresti\/wp-json\/wp\/v2\/tags?post=7408"}],"curies":[{"name":"wp","href":"https:\/\/api.w.org\/{rel}","templated":true}]}}