{"id":80,"date":"2019-04-10T00:00:00","date_gmt":"2019-04-09T21:00:00","guid":{"rendered":"https:\/\/www.anofm.ro\/braila\/informatii-pentru-tineri-cu-varsta-intre-16-si-25-de-ani-care-nu-sunt-angajati-nu-urmeaza-o-forma-de-invatamant-sau-de-formare-profesionala\/"},"modified":"2019-04-10T00:00:00","modified_gmt":"2019-04-09T21:00:00","slug":"informatii-pentru-tineri-cu-varsta-intre-16-si-25-de-ani-care-nu-sunt-angajati-nu-urmeaza-o-forma-de-invatamant-sau-de-formare-profesionala","status":"publish","type":"post","link":"https:\/\/www.anofm.ro\/braila\/informatii-pentru-tineri-cu-varsta-intre-16-si-25-de-ani-care-nu-sunt-angajati-nu-urmeaza-o-forma-de-invatamant-sau-de-formare-profesionala\/","title":{"rendered":"Informa\u0163ii pentru tineri cu v\u00e2rsta \u00eentre  16 \u015fi 25 de ani, care nu sunt  angaja\u0163i, nu urmeaz\u0103 o form\u0103 de \u00eenv\u0103\u021b\u0103m\u00e2nt sau de formare profesional\u0103"},"content":{"rendered":"<ul class=\"file-list\">\n<li><a href=\"\/upload\/6087\/Scrisoare_tineri.pdf\">AJOFM Braila te ajut\u0103 s\u0103-\u021bi g\u0103se\u0219ti job-ul potrivit \u0219i te stimuleaz\u0103 financiar pentru a te angaja<\/a><\/li>\n<li><a href=\"\/upload\/6087\/Flyer_tineri_1.pdf\">\u00ce\u021bi dore\u0219ti un loc de munc\u0103 \u0219i nu \u0219tii cum s\u0103-l g\u0103se\u0219ti?<\/a><\/li>\n<li><a href=\"\/upload\/6087\/Flyer_tineri_2.pdf\">Vino la Agen\u021bia Jude\u021bean\u0103 pentru Ocuparea For\u021bei de Munc\u0103 Br\u0103ila!<\/a><\/li>\n<li><a href=\"\/upload\/6087\/flyer_parinti_1.pdf\">Copilul t\u0103u are \u00eentre 16 \u015fi 25 de ani, nu este angajat, nu urmeaz\u0103 o form\u0103 de \u00eenv\u0103\u021b\u0103m\u00e2nt sau de formare profesional\u0103?<\/a><\/li>\n<li><a href=\"\/upload\/6087\/flyer_parinti_2.pdf\">Preg\u0103te\u0219te-\u021bi copilul pentru zilele \u00een care nu vei mai putea s\u0103-i asiguri suportul financiar !<\/a><\/li>\n<li><a href=\"\/upload\/6087\/Flyer_proiect_INTESPO.pdf\">INTESPO \u00cenregistrarea Tinerilor \u00een Eviden\u021bele Serviciului Public de Ocupare<\/a><\/li>\n<p><span style=\"text-decoration: underline\"><\/span><\/ul>\n","protected":false},"excerpt":{"rendered":"<p>Ai \u00eentre 16 \u015fi 25 de ani, nu e\u015fti angajat, nu urmezi o form\u0103 de \u00eenv\u0103\u021b\u0103m\u00e2nt sau de formare profesional\u0103?<\/p>\n","protected":false},"author":0,"featured_media":0,"comment_status":"closed","ping_status":"closed","sticky":false,"template":"","format":"standard","meta":{"footnotes":""},"categories":[16],"tags":[],"class_list":["post-80","post","type-post","status-publish","format-standard","hentry","category-materiale-informative"],"_links":{"self":[{"href":"https:\/\/www.anofm.ro\/braila\/wp-json\/wp\/v2\/posts\/80","targetHints":{"allow":["GET"]}}],"collection":[{"href":"https:\/\/www.anofm.ro\/braila\/wp-json\/wp\/v2\/posts"}],"about":[{"href":"https:\/\/www.anofm.ro\/braila\/wp-json\/wp\/v2\/types\/post"}],"replies":[{"embeddable":true,"href":"https:\/\/www.anofm.ro\/braila\/wp-json\/wp\/v2\/comments?post=80"}],"version-history":[{"count":0,"href":"https:\/\/www.anofm.ro\/braila\/wp-json\/wp\/v2\/posts\/80\/revisions"}],"wp:attachment":[{"href":"https:\/\/www.anofm.ro\/braila\/wp-json\/wp\/v2\/media?parent=80"}],"wp:term":[{"taxonomy":"category","embeddable":true,"href":"https:\/\/www.anofm.ro\/braila\/wp-json\/wp\/v2\/categories?post=80"},{"taxonomy":"post_tag","embeddable":true,"href":"https:\/\/www.anofm.ro\/braila\/wp-json\/wp\/v2\/tags?post=80"}],"curies":[{"name":"wp","href":"https:\/\/api.w.org\/{rel}","templated":true}]}}