{"id":7,"date":"2018-10-18T00:00:00","date_gmt":"2018-10-17T21:00:00","guid":{"rendered":"https:\/\/www.anofm.ro\/braila\/agenda-directorului-executiv-al-ajofm-braila\/"},"modified":"2018-10-18T00:00:00","modified_gmt":"2018-10-17T21:00:00","slug":"agenda-directorului-executiv-al-ajofm-braila","status":"publish","type":"post","link":"https:\/\/www.anofm.ro\/braila\/agenda-directorului-executiv-al-ajofm-braila\/","title":{"rendered":"Agenda directorului executiv al AJOFM Braila"},"content":{"rendered":"<p style=\"text-align: left;margin-left: 0cm;margin-right: 0cm;margin-top: 0cm;margin-bottom: .0001pt;background: white\" align=\"center\">\n<strong><span style=\"font-family: 'Trebuchet MS',sans-serif;color: #3333CC\"><br \/>\n<font size=\"3\">Agenda directorului executiv al AJOFM Braila <\/font><\/span><br \/>\n<\/strong><\/p>\n<p style=\"text-align: left;margin-left: 0cm;margin-right: 0cm;margin-top: 0cm;margin-bottom: .0001pt;background: white\" align=\"center\">\u00a0<\/p>\n<p style=\"text-align: left;margin-left: 0cm;margin-right: 0cm;margin-top: 0cm;margin-bottom: .0001pt;background: white\" align=\"center\">\u00a0<\/p>\n<p class=\"MsoNormal\" style=\"font-size: 11pt;font-family: Calibri, sans-serif;font-style: normal;font-weight: 400;letter-spacing: normal;text-indent: 0px;text-transform: none;text-align: justify;margin: 0px 0cm\">\n<font size=\"3\"><span style=\"font-family: Trebuchet MS\" lang=\"RO\">A.J.O.F.M.<br \/>\nBraila<\/span><span style=\"font-family: Trebuchet MS;color: black\" lang=\"RO\">\u00a0asigura,<br \/>\nla nivel judetean, implementarea masurilor de prevenire a somajului, protectia<br \/>\nsociala a persoanelor neincadrate in munca, organizeaza si coordoneaza<br \/>\nactivitatea de ocupare si de formare profesionala a fortei de munca<\/span><span style=\"font-family: Trebuchet MS\">.<\/span><\/font><\/p>\n<p style=\"text-align: left;margin-left: 0cm;margin-right: 0cm;margin-top: 0cm;margin-bottom: .0001pt;background: white\" align=\"center\">\n<span style=\"font-size: 12.0pt;line-height: 115%;font-family: Trebuchet MS\"><br \/>\nDirectorul executiv coordoneaza intreaga activitate desfasurata de <\/span><br \/>\n<font face=\"Trebuchet MS\"><span style=\"font-size: 12.0pt;line-height: 115%\"><br \/>\nAJOFM Braila. <\/span><\/font><\/p>\n<p class=\"MsoNormal\" style=\"font-family: Trebuchet MS;font-style: normal;font-weight: 400;letter-spacing: normal;text-indent: 0px;text-transform: none;text-align: justify;margin: 0px 0cm\">\n<font size=\"3\">Activitatile <\/font>desfasurate zilnic au ca scop, realizarea<br \/>\nobiectivelor generale, dintre care men\u0163ion\u0103m: <\/p>\n<p class=\"MsoNormal\" style=\"font-family: Trebuchet MS;font-style: normal;font-weight: 400;letter-spacing: normal;text-indent: 0px;text-transform: none;text-align: justify;margin: 0px 0cm\">\n&#8211; cre\u015fterea gradului de ocupare \u015fi a competen\u0163elor profesionale ale persoanelor<br \/>\naflate \u00een c\u0103utarea unui loc de munc\u0103, prin implementarea m\u0103surilor prev\u0103zute \u00een<br \/>\nStrategia Na\u0163ional\u0103 pentru Ocuparea for\u0163ei de Munc\u0103 2014 \u2013 2020; <\/p>\n<p class=\"MsoNormal\" style=\"font-family: Trebuchet MS;font-style: normal;font-weight: 400;letter-spacing: normal;text-indent: 0px;text-transform: none;text-align: justify;margin: 0px 0cm\">\n&#8211; furnizarea serviciilor Eures prevazute de legislatia comunitara; <\/p>\n<p class=\"MsoNormal\" style=\"font-family: Trebuchet MS;font-style: normal;font-weight: 400;letter-spacing: normal;text-indent: 0px;text-transform: none;text-align: justify;margin: 0px 0cm\">\n&#8211; \u00eent\u0103rirea capacit\u0103\u0163ii administrative a Serviciului Public de Ocupare \u00een<br \/>\nvederea furniz\u0103rii de servicii \u015fi m\u0103suri active de ocupare personalizate,<br \/>\nmoderne \u015fi de calitate; <\/p>\n<p class=\"MsoNormal\" style=\"font-family: Trebuchet MS;font-style: normal;font-weight: 400;letter-spacing: normal;text-indent: 0px;text-transform: none;text-align: justify;margin: 0px 0cm\">\n&#8211; cre\u015fterea gradului de vizibilitate al agentiei privind serviciile \u015fi m\u0103surile<br \/>\nacordate, precum \u015fi rezultatele ob\u0163inute ca urmare a implement\u0103rii acestora; <\/p>\n<p class=\"MsoNormal\" style=\"font-family: Trebuchet MS;font-style: normal;font-weight: 400;letter-spacing: normal;text-indent: 0px;text-transform: none;text-align: justify;margin: 0px 0cm\">\n&#8211; \u00eent\u0103rirea colaborarii interinstitutionale la nivel local, national si<br \/>\ninternational. <\/p>\n<p style=\"text-align: left;margin-left: 0cm;margin-right: 0cm;margin-top: 0cm;margin-bottom: .0001pt;background: white\" align=\"center\">\u00a0<\/p>\n<p style=\"text-align: left;margin-left: 0cm;margin-right: 0cm;margin-top: 0cm;margin-bottom: .0001pt;background: white\" align=\"center\">\u00a0<\/p>\n<table width=\"53%\" border=\"1\">\n<tbody>\n<tr>\n<td width=\"61\" align=\"center\"><font face=\"Trebuchet MS\" color=\"#3333CC\"><br \/>\n\t\t<b>Nr.crt.<\/b><\/font><\/td>\n<td width=\"444\" align=\"center\">\n\t\t<font face=\"Trebuchet MS\" color=\"#3333CC\"><b>Activitate <\/b><\/font><\/td>\n<td width=\"364\" align=\"center\">\n\t\t<font face=\"Trebuchet MS\" color=\"#3333CC\"><b>Data\/perioada<\/b><\/font><\/td>\n<\/tr>\n<tr>\n<td width=\"61\" align=\"center\">\n\t\t<font face=\"Trebuchet MS\">1<\/font><\/td>\n<td width=\"444\"><font face=\"Trebuchet MS\">\u00cent\u00e2lniri cu angajatorii<br \/>\n\t\t<\/font><\/td>\n<td width=\"364\">\n<p align=\"center\"><font face=\"Trebuchet MS\">permanent<\/font><\/p>\n<\/td>\n<\/tr>\n<tr>\n<td width=\"61\" align=\"center\">\n\t\t<font face=\"Trebuchet MS\">2<\/font><\/td>\n<td width=\"444\"><font face=\"Trebuchet MS\">\u00cent\u00e2lniri cu reprezentan\u0163ii<br \/>\n\t\tautorit\u0103\u0163ilor publice locale\/parteneri sociali<\/font><\/td>\n<td width=\"364\">\n<p align=\"center\"><font face=\"Trebuchet MS\">ori de cate ori este nevoie<\/font><\/p>\n<\/td>\n<\/tr>\n<tr>\n<td width=\"61\" align=\"center\">\n\t\t<font face=\"Trebuchet MS\">3<\/font><\/td>\n<td width=\"444\"><font face=\"Trebuchet MS\">Audiente<\/font><\/td>\n<td width=\"364\" align=\"center\"><font face=\"Trebuchet MS\">saptamanal\/ori de cate ori este nevoie<\/font><\/td>\n<\/tr>\n<tr>\n<td width=\"61\" align=\"center\">\n\t\t<font face=\"Trebuchet MS\">4<\/font><\/td>\n<td width=\"444\"><font face=\"Trebuchet MS\">Vizite la punctele de lucru<br \/>\n\t\tale AJOFM Braila<\/font><\/td>\n<td width=\"364\" align=\"center\"><font face=\"Trebuchet MS\">periodic<\/font><\/td>\n<\/tr>\n<tr>\n<td width=\"61\" align=\"center\">\n\t\t<font face=\"Trebuchet MS\">5<\/font><\/td>\n<td width=\"444\"><font face=\"Trebuchet MS\">Vizite la Centrul de Formare<br \/>\n\t\tProfesionala al AJOFM Braila<\/font><\/td>\n<td width=\"364\" align=\"center\"><font face=\"Trebuchet MS\">periodic<\/font><\/td>\n<\/tr>\n<tr>\n<td width=\"61\" height=\"49\" align=\"center\">\n\t\t<font face=\"Trebuchet MS\">6<\/font><\/td>\n<td width=\"444\" height=\"49\"><font face=\"Trebuchet MS\">\u015eedin\u0163a Consiliul<br \/>\n\t\tConsultativ al AJOFM Braila<\/font><\/td>\n<td width=\"364\" height=\"49\" align=\"center\"><font face=\"Trebuchet MS\"><br \/>\n\t\tlunar<\/font><\/td>\n<\/tr>\n<tr>\n<td width=\"61\" align=\"center\">\n\t\t<font face=\"Trebuchet MS\">7<\/font><\/td>\n<td width=\"444\"><font face=\"Trebuchet MS\">Participare la sedin\u0163\u0103<br \/>\n\t\tColegiul Prefectural \u2013 Institutia Prefectului jude\u0163ul Braila<\/font><\/td>\n<td width=\"364\" align=\"center\"><font face=\"Trebuchet MS\">lunar<\/font><\/td>\n<\/tr>\n<tr>\n<td width=\"61\" align=\"center\">\n\t\t<font face=\"Trebuchet MS\">8<\/font><\/td>\n<td width=\"444\"><font face=\"Trebuchet MS\">Participare la sedin\u0163a<br \/>\n\t\tComisiei de Dialog Social -Institutia Prefectului jude\u0163ul Braila <\/font><\/td>\n<td width=\"364\" align=\"center\"><font face=\"Trebuchet MS\">lunar<\/font><\/td>\n<\/tr>\n<tr>\n<td width=\"61\" align=\"center\">\n\t\t<font face=\"Trebuchet MS\">9<\/font><\/td>\n<td width=\"444\"><font face=\"Trebuchet MS\">Participare la sedin\u0163a<br \/>\n\t\tComitetului Consultativ de Dialog Civic pentru Problemele Persoanelor<br \/>\n\t\tVarstnice -Institutia Prefectului jude\u0163ul Braila <\/font><\/td>\n<td width=\"364\" align=\"center\"><font face=\"Trebuchet MS\">lunar<\/font><\/p>\n<p>\u00a0<\/p>\n<\/td>\n<\/tr>\n<tr>\n<td width=\"61\" align=\"center\">\n\t\t<font face=\"Trebuchet MS\">10<\/font><\/td>\n<td width=\"444\"><font face=\"Trebuchet MS\">Bursa locurilor de munca<\/font><\/td>\n<td width=\"364\" align=\"center\"><font face=\"Trebuchet MS\">aprilie,<br \/>\n\t\toctombrie, noiembrie<br \/>\n\t\t\u015fi la solicitarea pie\u0163ei<br \/>\n\t\tmuncii<\/font><\/td>\n<\/tr>\n<tr>\n<td width=\"61\" align=\"center\">\n\t\t11<\/td>\n<td width=\"444\" align=\"left\"><font face=\"Trebuchet MS\">Diverse<br \/>\n\t\tactivitati desfasurate pentru promovarea economiei sociale (sesiuni de<br \/>\n\t\tinformare a tinerilor cu privire la economia sociala, mese rotunde\/intalniri<br \/>\n\t\t<\/font><br \/>\n\t\t<span style=\"font-size:11.0pt;line-height:115%;font-family:\" lang=\"EN-GB\"><br \/>\n\t\tcu reprezentantii \u00eentreprinderilor sociale atestate\/ poten\u0163ialelor<br \/>\n\t\t\u00eentreprinderi sociale<\/span><font face=\"Trebuchet MS\"> si alti actori de<br \/>\n\t\tpe piata muncii locala, s.a.)<\/font><\/td>\n<td width=\"364\" align=\"center\"><font face=\"Trebuchet MS\">mai<\/font><\/td>\n<\/tr>\n<tr>\n<td width=\"61\" align=\"center\">\n\t\t<font face=\"Trebuchet MS\">12<\/font><\/td>\n<td width=\"444\" align=\"left\"><font face=\"Trebuchet MS\">Diverse<br \/>\n\t\tactivitati organizate de Ziua ANOFM (Ziua portilor deschise, mese<br \/>\n\t\trotunde, intalniri cu angajatorii si alti actori de pe piata muncii<br \/>\n\t\tlocala, intalniri cu elevi si studenti din anii terminali, s.a.)<\/font><\/td>\n<td width=\"364\" align=\"center\"><font face=\"Trebuchet MS\">decembrie<\/font><\/td>\n<\/tr>\n<tr>\n<td width=\"61\" align=\"center\">\n\t\t13<\/td>\n<td width=\"444\" align=\"left\"><font face=\"Trebuchet MS\">Intalniri cu<br \/>\n\t\treprezentantii mass mediei locale<\/font><\/td>\n<td width=\"364\" align=\"center\"><font face=\"Trebuchet MS\">ori de cate ori<br \/>\n\t\teste nevoie<\/font><\/td>\n<\/tr>\n<tr>\n<td width=\"61\" align=\"center\">\n\t\t14<\/td>\n<td width=\"444\" align=\"left\"><font face=\"Trebuchet MS\">Alte activitati specifice desfasurate in<br \/>\n\t\tcadrul institutiei<\/font><\/td>\n<td width=\"364\" align=\"center\"><font face=\"Trebuchet MS\">ori de cate ori<br \/>\n\t\teste nevoie<\/font><\/td>\n<\/tr>\n<\/tbody>\n<\/table>\n<p style=\"text-align: left;margin-left: 0cm;margin-right: 0cm;margin-top: 0cm;margin-bottom: .0001pt;background: white\" align=\"center\">\u00a0<\/p>\n","protected":false},"excerpt":{"rendered":"<p>Agenda directorului executiv al AJOFM Braila <\/p>\n","protected":false},"author":0,"featured_media":0,"comment_status":"closed","ping_status":"closed","sticky":false,"template":"","format":"standard","meta":{"footnotes":""},"categories":[2],"tags":[],"class_list":["post-7","post","type-post","status-publish","format-standard","hentry","category-agenda-de-lucru"],"_links":{"self":[{"href":"https:\/\/www.anofm.ro\/braila\/wp-json\/wp\/v2\/posts\/7","targetHints":{"allow":["GET"]}}],"collection":[{"href":"https:\/\/www.anofm.ro\/braila\/wp-json\/wp\/v2\/posts"}],"about":[{"href":"https:\/\/www.anofm.ro\/braila\/wp-json\/wp\/v2\/types\/post"}],"replies":[{"embeddable":true,"href":"https:\/\/www.anofm.ro\/braila\/wp-json\/wp\/v2\/comments?post=7"}],"version-history":[{"count":0,"href":"https:\/\/www.anofm.ro\/braila\/wp-json\/wp\/v2\/posts\/7\/revisions"}],"wp:attachment":[{"href":"https:\/\/www.anofm.ro\/braila\/wp-json\/wp\/v2\/media?parent=7"}],"wp:term":[{"taxonomy":"category","embeddable":true,"href":"https:\/\/www.anofm.ro\/braila\/wp-json\/wp\/v2\/categories?post=7"},{"taxonomy":"post_tag","embeddable":true,"href":"https:\/\/www.anofm.ro\/braila\/wp-json\/wp\/v2\/tags?post=7"}],"curies":[{"name":"wp","href":"https:\/\/api.w.org\/{rel}","templated":true}]}}