{"id":24,"date":"2018-11-12T00:00:00","date_gmt":"2018-11-11T22:00:00","guid":{"rendered":"https:\/\/www.anofm.ro\/braila\/program-de-ocupare-tineri-cu-risc-de-marginalizare-2018\/"},"modified":"2018-11-12T00:00:00","modified_gmt":"2018-11-11T22:00:00","slug":"program-de-ocupare-tineri-cu-risc-de-marginalizare-2018","status":"publish","type":"post","link":"https:\/\/www.anofm.ro\/braila\/program-de-ocupare-tineri-cu-risc-de-marginalizare-2018\/","title":{"rendered":"Program de Ocupare &#8211; tineri cu risc de marginalizare 2018"},"content":{"rendered":"<p><font style=\"font-size: 14px\"><span style=\"font-family:\"><\/span><span style=\"font-family: Helvetica, sans-serif\"><\/span><\/font><\/p>\n<p style=\"margin: 6pt 0in;text-align: justify;background-image: initial;background-position: initial;background-size: initial;background-attachment: initial\"><span style=\"font-family:\"><font style=\"font-size: 14px\"><span>Obiectivele<br \/>\nspecifice ale Programului de ocupare pentru tinerii cu risc de marginalizare<br \/>\nsocial\u0103 pentru anul 2018 sunt: <\/span><span style=\"font-family: Helvetica, sans-serif\"><\/span><\/font><\/span><\/p>\n<p style=\"margin: 0in 0in 0.0001pt;text-align: justify;background-image: initial;background-position: initial;background-size: initial;background-attachment: initial\"><font style=\"font-size: 14px\"><span style=\"font-family:\"><span>&#8211;<br \/>\nasigurarea acompaniamentului social personalizat de c\u0103tre Agen\u0163ia Na\u0163ional\u0103<br \/>\npentru Ocuparea For\u0163ei de Munc\u0103 prin intermediul agen\u0163iilor pentru ocuparea<br \/>\nfor\u0163ei de munc\u0103 teritoriale, \u00een baza unui contract de solidaritate;\u00a0<\/span><\/span><span style=\"font-family: Helvetica, sans-serif\"><\/span><\/font><\/p>\n<p style=\"margin: 0in 0in 6pt;text-align: justify;background-image: initial;background-position: initial;background-size: initial;background-attachment: initial\"><font style=\"font-size: 14px\"><span style=\"font-family:\"><span>&#8211; stimularea<br \/>\nangajatorilor de inser\u0163ie pentru \u00eencadrarea tinerilor cu risc de marginalizare<br \/>\nsocial\u0103.\u00a0<\/span><\/span><span style=\"font-family: Helvetica, sans-serif\"><\/span><\/font><\/p>\n<p style=\"margin: 0in 0in 6pt;text-align: justify;background-image: initial;background-position: initial;background-size: initial;background-attachment: initial\"><font style=\"font-size: 14px\"><span style=\"font-family:\"><span>Prin <b>t\u00e2n\u0103r cu<br \/>\nrisc de marginalizare social\u0103<\/b> se \u00een\u021belege persoana cu v\u00e2rsta cuprins\u0103 \u00eentre<br \/>\n16- 26 de ani, care este \u0219omer \u00een accep\u021biunea Legii nr. 76\/2002 cu modific\u0103rile<br \/>\n\u0219i complet\u0103rile ulterioare, se \u00eenregistreaz\u0103 la agen\u0163ia pentru ocuparea for\u0163ei<br \/>\nde munc\u0103 \u00een a c\u0103rei raz\u0103 teritorial\u0103 \u00ee\u015fi are domiciliul sau, dup\u0103 caz,<br \/>\nre\u015fedin\u0163a \u015fi se \u00eencadreaz\u0103 \u00een una dintre urm\u0103toarele categorii:<\/span><\/span><span style=\"font-family:\"><\/span><\/font><\/p>\n<p style=\"margin: 0in 0in 0.0001pt;text-align: justify;background-image: initial;background-position: initial;background-size: initial;background-attachment: initial\"><font style=\"font-size: 14px\"><span style=\"font-family:\"><span>a)<br \/>\nse afl\u0103 \u00een sistemul de protec\u0163ie a copilului sau provine din acest sistem;<\/span><\/span><span style=\"font-family: Helvetica, sans-serif\"><\/span><\/font><\/p>\n<p style=\"margin: 0in 0in 0.0001pt;text-align: justify;background-image: initial;background-position: initial;background-size: initial;background-attachment: initial\"><font style=\"font-size: 14px\"><span style=\"font-family:\"><span>b)<br \/>\nare dizabilit\u0103\u0163i\u00a0<\/span><\/span><span style=\"font-family: Helvetica, sans-serif\"><\/span><\/font><\/p>\n<p style=\"margin: 0in 0in 0.0001pt;text-align: justify;background-image: initial;background-position: initial;background-size: initial;background-attachment: initial\"><font style=\"font-size: 14px\"><span style=\"font-family:\"><span>c)<br \/>\nnu are familie sau familia nu \u00eei poate asigura \u00eentre\u0163inerea;\u00a0<\/span><\/span><span style=\"font-family: Helvetica, sans-serif\"><\/span><\/font><\/p>\n<p style=\"margin: 0in 0in 0.0001pt;text-align: justify;background-image: initial;background-position: initial;background-size: initial;background-attachment: initial\"><font style=\"font-size: 14px\"><span style=\"font-family:\"><span>d)<br \/>\nare copii \u00een \u00eentre\u0163inere;<\/span><\/span><span style=\"font-family:\"><\/span><span style=\"font-family:\"><span><br \/><\/span><\/span><\/font><span style=\"font-family:\">e) a executat una sau mai multe pedepse privative de libertate;\u00a0<\/span><\/p>\n<p style=\"margin: 0in 0in 0.0001pt;text-align: justify;background-image: initial;background-position: initial;background-size: initial;background-attachment: initial\"><span style=\"font-family:\">f)<br \/>\neste victim\u0103 a traficului de persoane<\/span><\/p>\n<ul class=\"file-list\">\n<li><a href=\"\/upload\/1011\/Program_de_ocupare_marginalizati_programat_pentru_anul_2018.pdf\">Program de ocupare marginalizati programat pe anul 2018<\/a><\/li>\n<li><a href=\"\/upload\/1011\/Program_de_ocupare_marginalizati_realizat_la_31_mai_2018.pdf\">Program de ocupare marginalizati realizat\u00a0 la 31.05.2018<\/a><\/li>\n<li><a href=\"\/upload\/1011\/Program_de_ocupare_marginalizati_realizat_la_30_iunie_2018.pdf\">Program de ocupare marginalizati realizat la 30.06.2018<\/a><\/li>\n<li><a href=\"\/upload\/1011\/Braila_PO_marginalizati092018.pdf\">Program de ocupare marginalizati realizat la 30.09.2018<\/a><span><span style=\"text-decoration: underline\"><\/span><\/span><\/li>\n<li><a href=\"\/upload\/1011\/Braila_PO_marginalizati102018.pdf\"><span><span style=\"text-decoration: underline\">Program de ocupare marginalizati realizat la 31.10.2018<\/span><\/span><\/a><\/li>\n<li><a href=\"\/upload\/1011\/Braila_PO_marginalizati112018.pdf\"><span><span style=\"text-decoration: underline\"><span><span style=\"text-decoration: underline\">Program de ocupare marginalizati realizat la 30.11.2018<\/span><\/span><\/span><\/span><\/a><\/li>\n<li><span><span style=\"text-decoration: underline\"><span><span style=\"text-decoration: underline\"><a href=\"\/upload\/1011\/Braila_PO_marginalizati122018_1.pdf\"><span><span style=\"text-decoration: underline\"><span><span style=\"text-decoration: underline\">Program de ocupare marginalizati realizat la 31.12.2018<\/span><\/span><\/span><\/span><\/a><\/span><\/span><\/span><\/span><\/li>\n<\/ul>\n<div><\/div>\n<p><\/p>\n","protected":false},"excerpt":{"rendered":"<p>program de ocupare,tineri cu risc de marginalizare,2018<\/p>\n","protected":false},"author":0,"featured_media":0,"comment_status":"closed","ping_status":"closed","sticky":false,"template":"","format":"standard","meta":{"footnotes":""},"categories":[19],"tags":[],"class_list":["post-24","post","type-post","status-publish","format-standard","hentry","category-programul-de-ocupare-tineri-cu-risc-de-marginalizare-sociala"],"_links":{"self":[{"href":"https:\/\/www.anofm.ro\/braila\/wp-json\/wp\/v2\/posts\/24","targetHints":{"allow":["GET"]}}],"collection":[{"href":"https:\/\/www.anofm.ro\/braila\/wp-json\/wp\/v2\/posts"}],"about":[{"href":"https:\/\/www.anofm.ro\/braila\/wp-json\/wp\/v2\/types\/post"}],"replies":[{"embeddable":true,"href":"https:\/\/www.anofm.ro\/braila\/wp-json\/wp\/v2\/comments?post=24"}],"version-history":[{"count":0,"href":"https:\/\/www.anofm.ro\/braila\/wp-json\/wp\/v2\/posts\/24\/revisions"}],"wp:attachment":[{"href":"https:\/\/www.anofm.ro\/braila\/wp-json\/wp\/v2\/media?parent=24"}],"wp:term":[{"taxonomy":"category","embeddable":true,"href":"https:\/\/www.anofm.ro\/braila\/wp-json\/wp\/v2\/categories?post=24"},{"taxonomy":"post_tag","embeddable":true,"href":"https:\/\/www.anofm.ro\/braila\/wp-json\/wp\/v2\/tags?post=24"}],"curies":[{"name":"wp","href":"https:\/\/api.w.org\/{rel}","templated":true}]}}