{"id":174,"date":"2020-01-14T00:00:00","date_gmt":"2020-01-13T22:00:00","guid":{"rendered":"https:\/\/www.anofm.ro\/braila\/ajofm-braila-anunta-inceperea-perioadei-de-inregistrare-a-aplicatiilor-in-programul-destinat-studentilor-care-doresc-sa-lucreze-in-germania-pe-perioada-vacantei-de-vara-2020\/"},"modified":"2020-01-14T00:00:00","modified_gmt":"2020-01-13T22:00:00","slug":"ajofm-braila-anunta-inceperea-perioadei-de-inregistrare-a-aplicatiilor-in-programul-destinat-studentilor-care-doresc-sa-lucreze-in-germania-pe-perioada-vacantei-de-vara-2020","status":"publish","type":"post","link":"https:\/\/www.anofm.ro\/braila\/ajofm-braila-anunta-inceperea-perioadei-de-inregistrare-a-aplicatiilor-in-programul-destinat-studentilor-care-doresc-sa-lucreze-in-germania-pe-perioada-vacantei-de-vara-2020\/","title":{"rendered":"AJOFM Braila anunta inceperea perioadei de inregistrare a aplicatiilor in programul destinat studentilor care doresc sa lucreze in Germania pe perioada vacantei de vara &#8211; 2020"},"content":{"rendered":"<p><a href=\"\/upload\/10289\/Anunt_inregistrare_aplicatii_studenti_-_program_de_vara_2020_in_Germania_AJOFM.docx\">ANUNT<br \/>\n &#8211; Inceperea perioadei de inregisterare a aplicatiilor in programul<br \/>\ndestinat studen\u021bilor care doresc s\u0103 lucreze \u020bn Germania pe perioada<br \/>\nvacan\u021bei de var\u0103 &#8211; 2020<\/a><\/p>\n<p><a href=\"\/upload\/10201\/Informatii_pentru_studenti_limba_germana.pdf\">Informatii pentru studenti (limba germana)<\/a><\/p>\n<p><a href=\"\/upload\/10201\/Foaie_informativa_pentru_studenti.pdf\">Informatii pentru studenti (limba romana)<\/a><\/p>\n<p><a href=\"\/upload\/10201\/Fisa_de_solicitare.pdf\">Fisa de solicitare<\/a><\/p>\n<p><a href=\"\/upload\/10201\/Preciz%C4%83ri_%C5%9Fi_instruc%C5%A3iuni_de_completare_a_fisei_de_solicitare.pdf\">Preciz\u0103ri \u015fi instruc\u0163iuni de completare a fisei de solicitare<\/a><\/p>\n<p><a href=\"\/upload\/10201\/Certificat_de_inmatriculare_germana_-_engleza.pdf\">Certificat de inmatriculare (germana &#8211; engleza)<\/a><\/p>\n<p><a href=\"\/upload\/10201\/Precizari_si_instructiuni_de_completare_a_adeverintei_de_student.pdf\">Precizari si instructiuni de completare a adeverintei de student<\/a><\/p>\n<p><\/p>\n","protected":false},"excerpt":{"rendered":"<p>&nbsp;perioada de inregistrare a aplicatiilor in programul destinat studentilor care doresc sa lucreze in Germania pe perioada vacantei de vara &#8211; 2020, studenti, vacanta, Germania<\/p>\n","protected":false},"author":0,"featured_media":0,"comment_status":"closed","ping_status":"closed","sticky":false,"template":"","format":"standard","meta":{"footnotes":""},"categories":[16],"tags":[],"class_list":["post-174","post","type-post","status-publish","format-standard","hentry","category-materiale-informative"],"_links":{"self":[{"href":"https:\/\/www.anofm.ro\/braila\/wp-json\/wp\/v2\/posts\/174","targetHints":{"allow":["GET"]}}],"collection":[{"href":"https:\/\/www.anofm.ro\/braila\/wp-json\/wp\/v2\/posts"}],"about":[{"href":"https:\/\/www.anofm.ro\/braila\/wp-json\/wp\/v2\/types\/post"}],"replies":[{"embeddable":true,"href":"https:\/\/www.anofm.ro\/braila\/wp-json\/wp\/v2\/comments?post=174"}],"version-history":[{"count":0,"href":"https:\/\/www.anofm.ro\/braila\/wp-json\/wp\/v2\/posts\/174\/revisions"}],"wp:attachment":[{"href":"https:\/\/www.anofm.ro\/braila\/wp-json\/wp\/v2\/media?parent=174"}],"wp:term":[{"taxonomy":"category","embeddable":true,"href":"https:\/\/www.anofm.ro\/braila\/wp-json\/wp\/v2\/categories?post=174"},{"taxonomy":"post_tag","embeddable":true,"href":"https:\/\/www.anofm.ro\/braila\/wp-json\/wp\/v2\/tags?post=174"}],"curies":[{"name":"wp","href":"https:\/\/api.w.org\/{rel}","templated":true}]}}