{"id":119,"date":"2019-06-26T00:00:00","date_gmt":"2019-06-25T21:00:00","guid":{"rendered":"https:\/\/www.anofm.ro\/braila\/proacces-2-stimularea-mobilitatii-si-subventionarea-locurilor-de-munca-pentru-someri-si-inactivi\/"},"modified":"2019-06-26T00:00:00","modified_gmt":"2019-06-25T21:00:00","slug":"proacces-2-stimularea-mobilitatii-si-subventionarea-locurilor-de-munca-pentru-someri-si-inactivi","status":"publish","type":"post","link":"https:\/\/www.anofm.ro\/braila\/proacces-2-stimularea-mobilitatii-si-subventionarea-locurilor-de-munca-pentru-someri-si-inactivi\/","title":{"rendered":"PROACCES 2\u2013 Stimularea mobilitatii si subventionarea locurilor de munca pentru someri si inactivi"},"content":{"rendered":"<p>Proiectul \u201ePROACCES 2 \u2013Stimularea mobilit\u0103\u021bii \u0219i subven\u021bionarea locurilor de munc\u0103 pentru \u0219omeri \u0219i inactivi&#8221; este cofinan\u0163at din Fondul Social European (FSE) prin Programul Opera\u021bional Capital Uman 2014 \u20132020, Axa prioritar\u0103 3 \u2013Locuri de munc\u0103 pentru to\u021bi \u015fi se implementeaz\u0103 \u00een regiunile (Centru, Sud-Muntenia, Sud-Vest Oltenia, Nord-Est, Nord-Vest, Sud-Est, Vest, Bucure\u015fti-Ilfov).<\/p>\n<p>Prin intermediul acestui proiect, ANOFM \u0219i-a propus s\u0103 sus\u021bin\u0103 financiar, din FSE, m\u0103surile active acordate de agen\u021biile jude\u021bene pentru ocuparea for\u021bei de munc\u0103 (AJOFM) \u00een perioada ianuarie 2018\u2013mai 2022, pentru \u00eencadrarea a 12.000 de \u0219omeri non-NEETs \u00eenregistra\u0163i la Serviciul Public de Ocupare \/persoanele inactive non-NEET.<\/p>\n<p><a href=\"\/upload\/7263\/Raport_PROIECT_PROACCES_2_pentru_postare_pe_site.pdf\"><\/a><\/p>\n<ul class=\"file-list\">\n<li><a href=\"\/upload\/7263\/Raport_PROIECT_PROACCES_2_pentru_postare_pe_site.pdf\">RAPORT ACTIVITATE &#8211; \u201ePROACCES 2 \u2013 Stimularea mobilit\u0103\u021bii \u0219i subven\u021bionarea locurilor de munc\u0103 pentru \u0219omeri \u0219i inactivi&#8221; POCU\/610\/3\/13\/130167 &#8211; Iunie 2019 &#8211; Iunie 2020<\/a><\/li>\n<li><a href=\"\/upload\/7263\/INFORMARE_GDPR_PROIECT_PROACCES_2.pdf\">Informare GDPR PROACCES 2<\/a><\/li>\n<li><a href=\"\/upload\/7263\/INFORMARE_PROIECT_PROACCES_2.pdf\">Informare proiect \u201ePROACCES 2 \u2013 Stimularea mobilit\u0103\u021bii \u0219i subven\u021bionarea locurilor de munc\u0103 pentru \u0219omeri \u0219i inactivi&#8221;<\/a><\/li>\n<li><a href=\"\/upload\/7263\/Comunicat_presa1_proacces2.pdf\">Comunicat &#8211; PROACCES 2 &#8211; 26.06.2019<\/a><\/li>\n<li><span><span style=\"text-decoration: underline\"><a href=\"\/upload\/7263\/Brosura_PROACCES_2.pdf\">Bro\u0219ur\u0103 prezentare proiect PROACCES 2<\/a> <\/span><\/span><\/li>\n<\/ul>\n<div class=\"file-list-wrap\">\n<ul class=\"file-list\">\n<li><a href=\"\/upload2\/Br\u0103ila\/7263\/Raport_PROIECT_PROACCES_2_iunie_2019-iulie_2022.pdf\" download>Raport_PROIECT_PROACCES_2_iunie_2019-iulie_2022.pdf<\/a><\/li>\n<li><a href=\"\/upload2\/Br\u0103ila\/7263\/Raport_PROIECT_PROACCES_2_iunie_2019-ianuarie_2023.pdf\" download>Raport_PROIECT_PROACCES_2_iunie_2019-ianuarie_2023.pdf<\/a><\/li>\n<\/ul>\n<\/div>\n","protected":false},"excerpt":{"rendered":"<p>PROACCES 2, Stimularea mobilitatii si subventionarea locurilor de munca pentru someri si inactivi<\/p>\n","protected":false},"author":0,"featured_media":0,"comment_status":"closed","ping_status":"closed","sticky":false,"template":"","format":"standard","meta":{"footnotes":""},"categories":[20],"tags":[],"class_list":["post-119","post","type-post","status-publish","format-standard","hentry","category-proiecte"],"_links":{"self":[{"href":"https:\/\/www.anofm.ro\/braila\/wp-json\/wp\/v2\/posts\/119","targetHints":{"allow":["GET"]}}],"collection":[{"href":"https:\/\/www.anofm.ro\/braila\/wp-json\/wp\/v2\/posts"}],"about":[{"href":"https:\/\/www.anofm.ro\/braila\/wp-json\/wp\/v2\/types\/post"}],"replies":[{"embeddable":true,"href":"https:\/\/www.anofm.ro\/braila\/wp-json\/wp\/v2\/comments?post=119"}],"version-history":[{"count":0,"href":"https:\/\/www.anofm.ro\/braila\/wp-json\/wp\/v2\/posts\/119\/revisions"}],"wp:attachment":[{"href":"https:\/\/www.anofm.ro\/braila\/wp-json\/wp\/v2\/media?parent=119"}],"wp:term":[{"taxonomy":"category","embeddable":true,"href":"https:\/\/www.anofm.ro\/braila\/wp-json\/wp\/v2\/categories?post=119"},{"taxonomy":"post_tag","embeddable":true,"href":"https:\/\/www.anofm.ro\/braila\/wp-json\/wp\/v2\/tags?post=119"}],"curies":[{"name":"wp","href":"https:\/\/api.w.org\/{rel}","templated":true}]}}