{"id":6213,"date":"2025-11-28T11:03:03","date_gmt":"2025-11-28T09:03:03","guid":{"rendered":"https:\/\/www.anofm.ro\/botosani\/?p=6213"},"modified":"2025-11-28T13:34:11","modified_gmt":"2025-11-28T11:34:11","slug":"proiect-adapt-formare-si-adaptare-activa-la-cerintele-pietei-muncii-cod-smis-333438","status":"publish","type":"post","link":"https:\/\/www.anofm.ro\/botosani\/proiect-adapt-formare-si-adaptare-activa-la-cerintele-pietei-muncii-cod-smis-333438\/","title":{"rendered":"Proiect ADAPT-Formare \u0219i adaptare activ\u0103 la cerin\u021bele pie\u021bei muncii Cod SMIS: 333438"},"content":{"rendered":"\n<p><strong>Proiectul I<\/strong> <strong>ADAPT-Formare \u0219i adaptare activ\u0103 la cerin\u021bele pie\u021bei muncii <\/strong>Cod SMIS: 333438- este solu\u021bia necesar\u0103 pentru a r\u0103spunde cerin\u021belor economiei actuale, sprijinind inclusiv integrarea persoanelor cu calific\u0103ri sc\u0103zute \u00een c\u00e2mpul muncii \u0219i contribuind astfel la dezvoltarea sustenabil\u0103 a jude\u021bului Boto\u0219ani \u0219i regiunii de Nord \u2013 Est. .<\/p>\n\n\n\n<p>Persoanele f\u0103r\u0103 sau cu nivel sc\u0103zut de studii din eviden\u021ba Agen\u021biei Jude\u021bene pentru Ocuparea For\u021bei de Munc\u0103 Boto\u0219ani constituie o pondere semnificativ\u0103, sunt determinate \u015fi disponibile s\u0103 fie implicate pe pia\u0163a muncii prin faptul c\u0103 s-au \u00eenregistrat la Serviciul Public de Ocupare si este important ca aceste persoane s\u0103 beneficieze de masurile propuse prin intermediul proiectului ADAPT in vederea facilitarii tranzitiilor profesionala prin intermediul masurilor propuse:<\/p>\n\n\n\n<p>-servicii de orientare \u00een carier\u0103 \u0219i consiliere profesional\u0103;<\/p>\n\n\n\n<p>-programe personalizate de dob\u00e2ndire a competen\u021belor cheie de limb\u0103 rom\u00e2n\u0103, matematic\u0103, competen\u021be IT de baz\u0103 dup\u0103 caz;<\/p>\n\n\n\n<p>-programe de calificare de nivel 1 sau\/\u0219i 2 dup\u0103 caz,m\u0103suri de acompaniere inclusiv sprijin financiar pentru subzisten\u021b\u0103 pe perioada parcurgerii programelor de sprijin;<\/p>\n\n\n\n<p>-servicii de evaluare si de certificare a compententelor dobandite anterior in context non formal, informal in calificari identificate ca necesare pe piata muncii.<\/p>\n\n\n\n<p><strong>Obiective generale \u0219i specifice<\/strong><\/p>\n\n\n\n<p><strong>Obiectiv general :<\/strong><\/p>\n\n\n\n<p>Obiectivul general al proiectului \u00eel constituie facilitarea accesului la un loc de munc\u0103 sau p\u0103strarea locului de munc\u0103 pentru 320 persoane f\u0103r\u0103\/cu nivel sc\u0103zut de calificare cu varsta intre 18 \u0219i 64 de ani din jude\u021bul Botosani prin consolidarea capacit\u0103\u021bii participan\u021bilor de a se adapta la schimb\u0103rile pie\u021bei muncii, facilitarea tranzi\u021biilor \u00eentre locuri de munc\u0103 sau domenii profesionale, precum \u0219i cre\u0219terea mobilit\u0103\u021bii ocupa\u021bionale prin intermediul pachetelor de baz\u0103 (servicii de orientare in cariera si consiliere profesionala, c\u00e2t \u0219i evaluare \/ certificare competente sau programe de formare profesional\u0103).<\/p>\n\n\n\n<p>&nbsp;&nbsp;&nbsp;&nbsp;&nbsp;&nbsp;&nbsp;<strong> Obiective specifice :<\/strong><\/p>\n\n\n\n<ol class=\"wp-block-list\">\n<li>\u00a0\u00a0Obiectiv specific 1: Sprijinirea tranzi\u021biei c\u0103tre ocup\u0103ri sustenabile \u00een vederea reducerii s\u0103r\u0103ciei \u0219i asigur\u0103rii incluziunii sociale, asigur\u00e2nd oportunit\u0103\u021bi echitabile pentru un numar de 320 de persoane f\u0103r\u0103 \/ cu nivel sc\u0103zut de calificare din jud. Boto\u0219ani prin oferirea de servicii de orientare in cariera si consiliere profesional\u0103. Obiectivul faciliteaz\u0103 integrarea pe pia\u021ba muncii a unui numar de 320 de persoane prin evaluarea competen\u021belor existente, identificarea lacunelor \u0219i stabilirea unui plan personalizat de dezvoltare profesional\u0103. Aceste servicii ofer\u0103 ghidare c\u0103tre domenii \u0219i locuri de munc\u0103 relevante, cresc motiva\u021bia \u0219i \u00eencrederea \u00een sine, \u0219i promoveaz\u0103 o mentalitate de \u00eenv\u0103\u021bare continu\u0103.<\/li>\n<\/ol>\n\n\n\n<ul class=\"wp-block-list\">\n<li>Obiectivul specific 2: Promovarea ocup\u0103rii sustenabile si de calitate prin facilitarea particip\u0103rii unui numar de 320 de persoane f\u0103r\u0103 \/ cu nivel sc\u0103zut de calificare la programe de formare profesional\u0103 \/ evaluare \u0219i certificare de competen\u021be. Prin participarea la programe personalizate, adaptate competen\u021belor existente ale acestora, c\u00e2t \u0219i cerin\u021belor pie\u021bei muncii, beneficiarii \u00ee\u0219i vor dezvolta competen\u021bele tehnice \u0219i transversale, iar prin evaluarea \u0219i certificarea abilit\u0103\u021bilor dob\u00e2ndite anterior vor putea accesa locuri de munc\u0103 mai bine pl\u0103tite \u0219i mai stabile. Proiectul sprijin\u0103 integrarea beneficiarilor \u00eentr-un proces de \u00eenv\u0103\u021bare pe tot parcursul vie\u021bii, promov\u00e2nd reducerea excluziunii sociale \u0219i cre\u0219terea competitivit\u0103\u021bii economiei locale. Rezultatele a\u0219teptate includ \u00eembun\u0103t\u0103\u021birea calific\u0103rilor, accesului la pia\u021ba muncii \u0219i stabilit\u0103\u021bii ocupa\u021bionale pentru participan\u021bi, contribuind astfel la reducerea disparit\u0103\u021bilor \u0219i la crearea unor \u0219anse egale pentru grupurile vulnerabile<\/li>\n<\/ul>\n\n\n\n<p><strong>Parteneriate \u0219i implicare institu\u021bional\u0103<\/strong><\/p>\n\n\n\n<p>Proiectul este implementat de Agen\u021bia Jude\u021bean\u0103 pentru Ocuparea For\u021bei de Munc\u0103 Boto\u0219ani (lider de parteneriat) \u00een colaborare cu ASOCIA\u0162IA CONSULTAN\u0162ILOR \u00ceN DEZVOLTARE COMUNITAR\u0102 Suceava(Partener 1). Parteneriatul asigur\u0103 o abordare unitar\u0103 a m\u0103surilor active de ocupare.<\/p>\n\n\n\n<p><strong>&nbsp;Grup \u021bint\u0103&nbsp;<\/strong><\/p>\n\n\n\n<ul class=\"wp-block-list\">\n<li>este format din 320 persoane cu varsta intre 18 si 64 ani din jud. Botosani fara \/ cu nivel scazut de formare (EEC01).<\/li>\n\n\n\n<li>se are in vedere ca, minim 60 persoane (peste 15 %) sa fie reprezentat de persoane fara calificare (care nu au absolvit niciun ciclu de educatie scolara).<\/li>\n\n\n\n<li>se are in vedere ca minim 50 % sa fie reprezentat de femei<\/li>\n<\/ul>\n\n\n\n<p><\/p>\n","protected":false},"excerpt":{"rendered":"<p>Proiectul I ADAPT-Formare \u0219i adaptare activ\u0103 la cerin\u021bele pie\u021bei muncii Cod SMIS: 333438- este solu\u021bia necesar\u0103 pentru a r\u0103spunde cerin\u021belor economiei actuale, sprijinind inclusiv integrarea persoanelor cu calific\u0103ri sc\u0103zute \u00een<\/p>\n","protected":false},"author":357,"featured_media":6216,"comment_status":"closed","ping_status":"closed","sticky":false,"template":"","format":"standard","meta":{"footnotes":""},"categories":[20],"tags":[],"class_list":["post-6213","post","type-post","status-publish","format-standard","has-post-thumbnail","hentry","category-proiecte"],"_links":{"self":[{"href":"https:\/\/www.anofm.ro\/botosani\/wp-json\/wp\/v2\/posts\/6213","targetHints":{"allow":["GET"]}}],"collection":[{"href":"https:\/\/www.anofm.ro\/botosani\/wp-json\/wp\/v2\/posts"}],"about":[{"href":"https:\/\/www.anofm.ro\/botosani\/wp-json\/wp\/v2\/types\/post"}],"author":[{"embeddable":true,"href":"https:\/\/www.anofm.ro\/botosani\/wp-json\/wp\/v2\/users\/357"}],"replies":[{"embeddable":true,"href":"https:\/\/www.anofm.ro\/botosani\/wp-json\/wp\/v2\/comments?post=6213"}],"version-history":[{"count":3,"href":"https:\/\/www.anofm.ro\/botosani\/wp-json\/wp\/v2\/posts\/6213\/revisions"}],"predecessor-version":[{"id":6222,"href":"https:\/\/www.anofm.ro\/botosani\/wp-json\/wp\/v2\/posts\/6213\/revisions\/6222"}],"wp:featuredmedia":[{"embeddable":true,"href":"https:\/\/www.anofm.ro\/botosani\/wp-json\/wp\/v2\/media\/6216"}],"wp:attachment":[{"href":"https:\/\/www.anofm.ro\/botosani\/wp-json\/wp\/v2\/media?parent=6213"}],"wp:term":[{"taxonomy":"category","embeddable":true,"href":"https:\/\/www.anofm.ro\/botosani\/wp-json\/wp\/v2\/categories?post=6213"},{"taxonomy":"post_tag","embeddable":true,"href":"https:\/\/www.anofm.ro\/botosani\/wp-json\/wp\/v2\/tags?post=6213"}],"curies":[{"name":"wp","href":"https:\/\/api.w.org\/{rel}","templated":true}]}}