{"id":31,"date":"2019-11-21T00:00:00","date_gmt":"2019-11-20T22:00:00","guid":{"rendered":"https:\/\/www.anofm.ro\/botosani\/aprobarea-cadrului-legal-si-institutional-prin-care-organizatii-de-drep-public-pot-face-parte-din-reteaua-eures\/"},"modified":"2019-11-21T00:00:00","modified_gmt":"2019-11-20T22:00:00","slug":"aprobarea-cadrului-legal-si-institutional-prin-care-organizatii-de-drep-public-pot-face-parte-din-reteaua-eures","status":"publish","type":"post","link":"https:\/\/www.anofm.ro\/botosani\/aprobarea-cadrului-legal-si-institutional-prin-care-organizatii-de-drep-public-pot-face-parte-din-reteaua-eures\/","title":{"rendered":"Aprobarea cadrului legal si institutional prin care organizatii de drep public pot face parte din reteaua EURES"},"content":{"rendered":"<p><span lang=\"RO\"><\/p>\n<p>\u00cen data de 31 August 2019 a intrat \u00een vigoare Ordonan\u021ba Guvernului nr. 22<br \/>\ndin 27 august 2019 privind stabilirea unor m\u0103suri pentru aplicarea<br \/>\nRegulamentului (UE) 2016\/589 al Parlamentului European \u015fi al Consiliului din 13<br \/>\naprilie 2016 privind o re\u0163ea european\u0103 de servicii de ocupare a for\u0163ei de munc\u0103<br \/>\n(EURES), accesul lucr\u0103torilor la servicii de mobilitate \u015fi integrarea mai bun\u0103<br \/>\na pie\u0163elor for\u0163ei de munc\u0103 \u015fi de modificare a Regulamentelor (UE) nr. 492\/2011<br \/>\n\u015fi (UE) nr. 1.296\/2013 publicat\u0103 \u00een Monitorul Oficial nr. 708 din 28 august<br \/>\n2019. <\/p>\n<p><a href=\"\/upload\/9531\/Comunicat_de_presa_eures.pdf\">Comunicat de presa <\/a><\/p>\n<\/p>\n<p><\/span><\/p>\n","protected":false},"excerpt":{"rendered":"<p>Aprobarea, cadrului ,legal, si institutional prin care organizatii de drep ,public ,pot face parte din, reteaua ,EURES,<\/p>\n","protected":false},"author":0,"featured_media":0,"comment_status":"closed","ping_status":"closed","sticky":false,"template":"","format":"standard","meta":{"footnotes":""},"categories":[9],"tags":[],"class_list":["post-31","post","type-post","status-publish","format-standard","hentry","category-comunicate-de-presa"],"_links":{"self":[{"href":"https:\/\/www.anofm.ro\/botosani\/wp-json\/wp\/v2\/posts\/31","targetHints":{"allow":["GET"]}}],"collection":[{"href":"https:\/\/www.anofm.ro\/botosani\/wp-json\/wp\/v2\/posts"}],"about":[{"href":"https:\/\/www.anofm.ro\/botosani\/wp-json\/wp\/v2\/types\/post"}],"replies":[{"embeddable":true,"href":"https:\/\/www.anofm.ro\/botosani\/wp-json\/wp\/v2\/comments?post=31"}],"version-history":[{"count":0,"href":"https:\/\/www.anofm.ro\/botosani\/wp-json\/wp\/v2\/posts\/31\/revisions"}],"wp:attachment":[{"href":"https:\/\/www.anofm.ro\/botosani\/wp-json\/wp\/v2\/media?parent=31"}],"wp:term":[{"taxonomy":"category","embeddable":true,"href":"https:\/\/www.anofm.ro\/botosani\/wp-json\/wp\/v2\/categories?post=31"},{"taxonomy":"post_tag","embeddable":true,"href":"https:\/\/www.anofm.ro\/botosani\/wp-json\/wp\/v2\/tags?post=31"}],"curies":[{"name":"wp","href":"https:\/\/api.w.org\/{rel}","templated":true}]}}