{"id":93,"date":"2019-06-21T00:00:00","date_gmt":"2019-06-20T21:00:00","guid":{"rendered":"https:\/\/www.anofm.ro\/bistrita-nasaud\/stimulente-pentru-angajarea-elevilor-si-studentilor-pe-perioada-vacantei-2\/"},"modified":"2019-06-21T00:00:00","modified_gmt":"2019-06-20T21:00:00","slug":"stimulente-pentru-angajarea-elevilor-si-studentilor-pe-perioada-vacantei-2","status":"publish","type":"post","link":"https:\/\/www.anofm.ro\/bistrita-nasaud\/stimulente-pentru-angajarea-elevilor-si-studentilor-pe-perioada-vacantei-2\/","title":{"rendered":"Stimulente pentru angajarea elevilor \u015fi studen\u0163ilor pe perioada vacan\u0163ei"},"content":{"rendered":"<p><a href=\"\/upload\/7178\/stimulente_pentru_angajarea_elevilor_pe_perioada_vacantei_iunie_2019.pdf\">stimulente_pentru_angajarea_elevilor_pe_perioada_vacantei_iunie_2019.pdf<\/a> <\/p>\n","protected":false},"excerpt":{"rendered":"<p>incadrare elevi si studenti<\/p>\n","protected":false},"author":0,"featured_media":0,"comment_status":"closed","ping_status":"closed","sticky":false,"template":"","format":"standard","meta":{"footnotes":""},"categories":[9],"tags":[],"class_list":["post-93","post","type-post","status-publish","format-standard","hentry","category-comunicate-de-presa"],"_links":{"self":[{"href":"https:\/\/www.anofm.ro\/bistrita-nasaud\/wp-json\/wp\/v2\/posts\/93","targetHints":{"allow":["GET"]}}],"collection":[{"href":"https:\/\/www.anofm.ro\/bistrita-nasaud\/wp-json\/wp\/v2\/posts"}],"about":[{"href":"https:\/\/www.anofm.ro\/bistrita-nasaud\/wp-json\/wp\/v2\/types\/post"}],"replies":[{"embeddable":true,"href":"https:\/\/www.anofm.ro\/bistrita-nasaud\/wp-json\/wp\/v2\/comments?post=93"}],"version-history":[{"count":0,"href":"https:\/\/www.anofm.ro\/bistrita-nasaud\/wp-json\/wp\/v2\/posts\/93\/revisions"}],"wp:attachment":[{"href":"https:\/\/www.anofm.ro\/bistrita-nasaud\/wp-json\/wp\/v2\/media?parent=93"}],"wp:term":[{"taxonomy":"category","embeddable":true,"href":"https:\/\/www.anofm.ro\/bistrita-nasaud\/wp-json\/wp\/v2\/categories?post=93"},{"taxonomy":"post_tag","embeddable":true,"href":"https:\/\/www.anofm.ro\/bistrita-nasaud\/wp-json\/wp\/v2\/tags?post=93"}],"curies":[{"name":"wp","href":"https:\/\/api.w.org\/{rel}","templated":true}]}}