{"id":92,"date":"2019-06-11T00:00:00","date_gmt":"2019-06-10T21:00:00","guid":{"rendered":"https:\/\/www.anofm.ro\/bistrita-nasaud\/absolventii-pot-beneficia-de-prima-de-insertie-in-valoare-de-1-500-de-lei\/"},"modified":"2019-06-11T00:00:00","modified_gmt":"2019-06-10T21:00:00","slug":"absolventii-pot-beneficia-de-prima-de-insertie-in-valoare-de-1-500-de-lei","status":"publish","type":"post","link":"https:\/\/www.anofm.ro\/bistrita-nasaud\/absolventii-pot-beneficia-de-prima-de-insertie-in-valoare-de-1-500-de-lei\/","title":{"rendered":"Absolven\u021bii pot beneficia de prima de inser\u021bie \u00een valoare de 1.500 de lei"},"content":{"rendered":"<p><span style=\"font-size:11.0pt;line-height:115%;font-family:\">Absolven\u0163ii institu\u0163iilor de \u00eenv\u0103\u0163\u0103m\u00e2nt \u015fi<br \/>\nabsolven\u0163ii \u015fcolilor speciale, \u00een v\u00e2rst\u0103 de minimum 16 ani, care \u00een termen de<br \/>\n60 de zile de la absolvire se \u00eenregistreaz\u0103 la<\/span><i><span style=\"font-size:11.0pt;line-height:115%;font-family:\"> <\/span><\/i><span style=\"font-size:11.0pt;line-height:115%;font-family:\">A.J.O.F.M. Bistri\u0163a &#8211;<br \/>\nN\u0103s\u0103ud \u0219i se angajeaz\u0103 cu norm\u0103 \u00eentreag\u0103 pentru o perioad\u0103 mai mare de 12 luni,<br \/>\nbeneficiaz\u0103 de o <b>prim\u0103 de inser\u021bie <\/b>egal\u0103 cu de 3 ori valoarea indicatorului<br \/>\nsocial de referin\u021b\u0103 \u00een vigoare la data \u00eencadr\u0103rii (indicatorul social de<br \/>\nreferin\u0163\u0103 este de 500 de lei). <\/span><\/p>\n<p><span style=\"font-size:11.0pt;line-height:115%;font-family:\"><a href=\"\/upload\/7079\/Prima_de_insertie_pentru_absolventi_iunie_2019_AJOFM_BN.pdf\">Prima_de_insertie_pentru_absolventi_iunie_2019_AJOFM_BN.pdf<\/a> <\/span><\/p>\n","protected":false},"excerpt":{"rendered":"<p>prima de insertie<\/p>\n","protected":false},"author":0,"featured_media":0,"comment_status":"closed","ping_status":"closed","sticky":false,"template":"","format":"standard","meta":{"footnotes":""},"categories":[9],"tags":[],"class_list":["post-92","post","type-post","status-publish","format-standard","hentry","category-comunicate-de-presa"],"_links":{"self":[{"href":"https:\/\/www.anofm.ro\/bistrita-nasaud\/wp-json\/wp\/v2\/posts\/92","targetHints":{"allow":["GET"]}}],"collection":[{"href":"https:\/\/www.anofm.ro\/bistrita-nasaud\/wp-json\/wp\/v2\/posts"}],"about":[{"href":"https:\/\/www.anofm.ro\/bistrita-nasaud\/wp-json\/wp\/v2\/types\/post"}],"replies":[{"embeddable":true,"href":"https:\/\/www.anofm.ro\/bistrita-nasaud\/wp-json\/wp\/v2\/comments?post=92"}],"version-history":[{"count":0,"href":"https:\/\/www.anofm.ro\/bistrita-nasaud\/wp-json\/wp\/v2\/posts\/92\/revisions"}],"wp:attachment":[{"href":"https:\/\/www.anofm.ro\/bistrita-nasaud\/wp-json\/wp\/v2\/media?parent=92"}],"wp:term":[{"taxonomy":"category","embeddable":true,"href":"https:\/\/www.anofm.ro\/bistrita-nasaud\/wp-json\/wp\/v2\/categories?post=92"},{"taxonomy":"post_tag","embeddable":true,"href":"https:\/\/www.anofm.ro\/bistrita-nasaud\/wp-json\/wp\/v2\/tags?post=92"}],"curies":[{"name":"wp","href":"https:\/\/api.w.org\/{rel}","templated":true}]}}