{"id":90,"date":"2019-05-30T00:00:00","date_gmt":"2019-05-29T21:00:00","guid":{"rendered":"https:\/\/www.anofm.ro\/bistrita-nasaud\/economia-sociala-masa-rotunda-la-ajofm-bistrita-nasaud\/"},"modified":"2019-05-30T00:00:00","modified_gmt":"2019-05-29T21:00:00","slug":"economia-sociala-masa-rotunda-la-ajofm-bistrita-nasaud","status":"publish","type":"post","link":"https:\/\/www.anofm.ro\/bistrita-nasaud\/economia-sociala-masa-rotunda-la-ajofm-bistrita-nasaud\/","title":{"rendered":"Economia Sociala &#8211; Mas\u0103 Rotund\u0103 la AJOFM Bistri\u0163a \u2013 N\u0103s\u0103ud"},"content":{"rendered":"<p><a href=\"\/upload\/6910\/masa_rotunda_economie_sociala_2019_AJOFM_BN.pdf\">masa_rotunda_economie_sociala_2019_AJOFM_BN.pdf<\/a> <\/p>\n<p><img loading=\"lazy\" decoding=\"async\" src=\"upload\/6910\/DSC00578_1.JPG\" width=\"1000\" vspace=\"2\" hspace=\"2\" height=\"1000\"><\/p>\n","protected":false},"excerpt":{"rendered":"<p>economie sociala<\/p>\n","protected":false},"author":0,"featured_media":0,"comment_status":"closed","ping_status":"closed","sticky":false,"template":"","format":"standard","meta":{"footnotes":""},"categories":[9],"tags":[],"class_list":["post-90","post","type-post","status-publish","format-standard","hentry","category-comunicate-de-presa"],"_links":{"self":[{"href":"https:\/\/www.anofm.ro\/bistrita-nasaud\/wp-json\/wp\/v2\/posts\/90","targetHints":{"allow":["GET"]}}],"collection":[{"href":"https:\/\/www.anofm.ro\/bistrita-nasaud\/wp-json\/wp\/v2\/posts"}],"about":[{"href":"https:\/\/www.anofm.ro\/bistrita-nasaud\/wp-json\/wp\/v2\/types\/post"}],"replies":[{"embeddable":true,"href":"https:\/\/www.anofm.ro\/bistrita-nasaud\/wp-json\/wp\/v2\/comments?post=90"}],"version-history":[{"count":0,"href":"https:\/\/www.anofm.ro\/bistrita-nasaud\/wp-json\/wp\/v2\/posts\/90\/revisions"}],"wp:attachment":[{"href":"https:\/\/www.anofm.ro\/bistrita-nasaud\/wp-json\/wp\/v2\/media?parent=90"}],"wp:term":[{"taxonomy":"category","embeddable":true,"href":"https:\/\/www.anofm.ro\/bistrita-nasaud\/wp-json\/wp\/v2\/categories?post=90"},{"taxonomy":"post_tag","embeddable":true,"href":"https:\/\/www.anofm.ro\/bistrita-nasaud\/wp-json\/wp\/v2\/tags?post=90"}],"curies":[{"name":"wp","href":"https:\/\/api.w.org\/{rel}","templated":true}]}}