{"id":61,"date":"2019-01-09T00:00:00","date_gmt":"2019-01-08T22:00:00","guid":{"rendered":"https:\/\/www.anofm.ro\/bistrita-nasaud\/50-locuri-de-munca-in-domeniul-agricol-recoltare-fructe-in-spania-prin-intermediul-retelei-eures\/"},"modified":"2019-01-09T00:00:00","modified_gmt":"2019-01-08T22:00:00","slug":"50-locuri-de-munca-in-domeniul-agricol-recoltare-fructe-in-spania-prin-intermediul-retelei-eures","status":"publish","type":"post","link":"https:\/\/www.anofm.ro\/bistrita-nasaud\/50-locuri-de-munca-in-domeniul-agricol-recoltare-fructe-in-spania-prin-intermediul-retelei-eures\/","title":{"rendered":"50 locuri de munc\u0103 \u00een domeniul agricol (recoltare fructe)  \u00een Spania prin intermediul Re\u0163elei EURES"},"content":{"rendered":"<p class=\"MsoNormal\" style=\"text-align:justify\"><span style=\"font-size:14.0pt\" lang=\"IT\"><\/span><b><span style=\"font-size:12.0pt\" lang=\"RO\">Firma Fresgilera<br \/>\nS.L.<\/span><\/b><span style=\"font-size:12.0pt\" lang=\"RO\"> din regiunea Huelva, localitatea<br \/>\nLepe-Huelva, Spania ofer\u0103 50 locuri de munc\u0103 \u00een agricultur\u0103 la recoltare<br \/>\nfructelor: c\u0103p\u0219uni, nectarine, afine, etc.<\/span><\/p>\n<p class=\"MsoNormal\" style=\"text-align:justify\"><b><span style=\"font-size:12.0pt\" lang=\"RO\">Descriere<br \/>\nloc de munc\u0103:<\/span><\/b><span style=\"font-size:12.0pt\" lang=\"RO\"> muncitorii vor lucra \u00een c\u00e2mp, la<br \/>\nculesul fructelor (c\u0103p\u0219uni, nectarine, afine, etc.<\/span><\/p>\n<p class=\"MsoNormal\" style=\"text-align:justify\"><b><span style=\"font-size:12.0pt\" lang=\"RO\">Cerin\u021be:<\/span><\/b><span style=\"font-size:12.0pt\" lang=\"RO\"> programul de lucru: 8,00 &#8211; 15,00; pauza de<br \/>\nmas\u0103: o jum\u0103tate de or\u0103<\/span><span style=\"font-size:12.0pt\" lang=\"RO\">;<\/span><\/p>\n<p class=\"MsoNormal\" style=\"text-align:justify\"><b><span style=\"font-size:12.0pt\" lang=\"RO\">Limba str\u0103in\u0103<\/span><\/b><span style=\"font-size:12.0pt\" lang=\"RO\">: nu se solicit\u0103<\/span><\/p>\n<p class=\"MsoNormal\" style=\"text-align:justify\"><b><span style=\"font-size:12.0pt\" lang=\"RO\">Salariu:<\/span><\/b><span style=\"font-size:12.0pt\" lang=\"RO\"> 38 euro net net\/zi<\/span><span style=\"font-size:12.0pt\" lang=\"RO\"><\/span><\/p>\n<p class=\"MsoNormal\" style=\"text-align:justify\"><b><span style=\"font-size:12.0pt\" lang=\"RO\">Beneficii \u0219i<br \/>\nalte condi\u021bii<\/span><\/b><span style=\"font-size:12.0pt\" lang=\"RO\">:<\/span><span style=\"font-size:12.0pt\" lang=\"RO\"> <\/span><span style=\"font-size:12.0pt\" lang=\"RO\">cazare<br \/>\ncontracost: 40 euro\/luna; transportul (dus) va fi pl\u0103tit de lucr\u0103tor, iar<br \/>\ntransportul (de re\u00eentoarcere) va fi pl\u0103tit de companie (la terminarea<br \/>\ncontractului)<\/span><\/p>\n<p class=\"MsoNormal\" style=\"text-align:justify\"><b><span style=\"font-size:12.0pt\" lang=\"RO\">Durat\u0103<br \/>\ncontract:<\/span><\/b><span style=\"font-size:12.0pt\" lang=\"RO\"> 20 februarie 2019 &#8211; 20 iunie 2019<\/span><\/p>\n<p class=\"MsoNormal\" style=\"text-align:justify\"><b><span style=\"font-size:12.0pt\" lang=\"RO\">Mod de<br \/>\naplicare: <\/span><\/b><span style=\"font-size:12.0pt\" lang=\"RO\">persoanele cu domiciliul \u00een<br \/>\njude\u021bul Bistri\u0163a &#8211; N\u0103s\u0103ud, care corespund cerin\u021belor posturilor oferite,<br \/>\ntrebuie s\u0103 se adreseze consilierului EURES din cadrul Agen\u021biei Jude\u021bene pentru<br \/>\nOcuparea For\u021bei de Munc\u0103 Bistri\u0163a &#8211; N\u0103s\u0103ud, telefon 0263236296, pentru a fi<br \/>\n\u00eenregistrate \u00een baza de date pentru munca \u00een str\u0103in\u0103tate. \u00censcrierea \u00een baza de<br \/>\ndate pentru munca \u00een str\u0103inatate se realizeaza pe baza urm\u0103toarelor documente:<br \/>\ncererea tip (se completeaz\u0103 la sediul agen\u021biei), copie act identitate, CV,<br \/>\nadeverin\u021b\u0103 medical\u0103 &#8222;apt pentru munc\u0103&#8221;.<\/span><\/p>\n<p class=\"MsoNormal\" style=\"text-align:justify\"><span style=\"font-size:12.0pt\" lang=\"RO\">Persoanele<br \/>\nselectate vor fi contactate de c\u0103tre angajator.<\/span><\/p>\n<p class=\"MsoNormal\" style=\"text-align:justify\"><b><span style=\"font-size:12.0pt\" lang=\"RO\">Termenul<br \/>\nlimita pentru depunerea dosarelor este 20.02.2019.<\/p>\n<p><\/span><\/b><\/p>\n<\/p>\n<p class=\"MsoNormal\" style=\"text-align:justify\"><b><span style=\"font-size:12.0pt\" lang=\"RO\">Agen\u021bia Jude\u021bean\u0103 pentru<br \/>\nOcuparea For\u021bei de Munc\u0103 <\/span><\/b><b><span style=\"font-size:12.0pt\" lang=\"RO\">Bistri\u0163a &#8211; N\u0103s\u0103ud<\/span><\/b><span lang=\"RO\"><\/span><\/p>\n<p class=\"MsoNormal\" style=\"text-align:justify\"><b><span style=\"font-size:12.0pt\" lang=\"RO\"><br \/><\/span><\/b><span style=\"font-size:12.0pt\" lang=\"RO\"><\/span><\/p>\n","protected":false},"excerpt":{"rendered":"<p>agricultura Spania EURES<\/p>\n","protected":false},"author":0,"featured_media":0,"comment_status":"closed","ping_status":"closed","sticky":false,"template":"","format":"standard","meta":{"footnotes":""},"categories":[9],"tags":[],"class_list":["post-61","post","type-post","status-publish","format-standard","hentry","category-comunicate-de-presa"],"_links":{"self":[{"href":"https:\/\/www.anofm.ro\/bistrita-nasaud\/wp-json\/wp\/v2\/posts\/61","targetHints":{"allow":["GET"]}}],"collection":[{"href":"https:\/\/www.anofm.ro\/bistrita-nasaud\/wp-json\/wp\/v2\/posts"}],"about":[{"href":"https:\/\/www.anofm.ro\/bistrita-nasaud\/wp-json\/wp\/v2\/types\/post"}],"replies":[{"embeddable":true,"href":"https:\/\/www.anofm.ro\/bistrita-nasaud\/wp-json\/wp\/v2\/comments?post=61"}],"version-history":[{"count":0,"href":"https:\/\/www.anofm.ro\/bistrita-nasaud\/wp-json\/wp\/v2\/posts\/61\/revisions"}],"wp:attachment":[{"href":"https:\/\/www.anofm.ro\/bistrita-nasaud\/wp-json\/wp\/v2\/media?parent=61"}],"wp:term":[{"taxonomy":"category","embeddable":true,"href":"https:\/\/www.anofm.ro\/bistrita-nasaud\/wp-json\/wp\/v2\/categories?post=61"},{"taxonomy":"post_tag","embeddable":true,"href":"https:\/\/www.anofm.ro\/bistrita-nasaud\/wp-json\/wp\/v2\/tags?post=61"}],"curies":[{"name":"wp","href":"https:\/\/api.w.org\/{rel}","templated":true}]}}