{"id":6076,"date":"2026-04-28T13:46:50","date_gmt":"2026-04-28T10:46:50","guid":{"rendered":"https:\/\/www.anofm.ro\/bistrita-nasaud\/?p=6076"},"modified":"2026-04-28T13:46:50","modified_gmt":"2026-04-28T10:46:50","slug":"de-la-incepatori-la-viitori-profesionisti-cursantii-ajofm-bistrita-nasaud-fac-primii-pasi-spre-o-cariera-in-coafura","status":"publish","type":"post","link":"https:\/\/www.anofm.ro\/bistrita-nasaud\/de-la-incepatori-la-viitori-profesionisti-cursantii-ajofm-bistrita-nasaud-fac-primii-pasi-spre-o-cariera-in-coafura\/","title":{"rendered":"De la \u00eencep\u0103tori la viitori profesioni\u0219ti: cursan\u021bii AJOFM Bistri\u021ba-N\u0103s\u0103ud fac primii pa\u0219i spre o carier\u0103 \u00een coafur\u0103"},"content":{"rendered":"\n<p>Agen\u021bia Jude\u021bean\u0103 pentru Ocuparea For\u021bei de Munc\u0103 Bistri\u021ba-N\u0103s\u0103ud deruleaz\u0103 proiectul \u201eCOMPETENT \u2013 Format, calificat, competitiv pe pia\u021ba muncii!\u201d, finan\u021bat prin Programul Opera\u021bional Educa\u021bie \u0219i Ocupare 2021\u20132027, prin care ofer\u0103 persoanelor aflate \u00een c\u0103utarea unui loc de munc\u0103 oportunit\u0103\u021bi concrete de calificare \u0219i reintegrare profesional\u0103.<\/p>\n\n\n\n<p>Printre programele de formare aflate \u00een desf\u0103\u0219urare se num\u0103r\u0103 cursul de calificare pentru ocupa\u021bia de coafor, organizat \u00een perioada 31 martie \u2013 22 august 2026. Cursul reune\u0219te 23 de participan\u021bi \u2013 \u0219omeri indemniza\u021bi \u0219i neindemniza\u021bi \u2013 care beneficiaz\u0103 gratuit de instruire \u0219i \u00ee\u0219i dezvolt\u0103 competen\u021be cerute pe pia\u021ba muncii.<\/p>\n\n\n\n<p>Dup\u0103 doar o lun\u0103 de preg\u0103tire, rezultatele sunt deja vizibile. Cursan\u021bii au trecut de la entuziasmul \u00eenceputului la dob\u00e2ndirea unor abilit\u0103\u021bi practice esen\u021biale: cunosc structura firului de p\u0103r, regulile de igien\u0103 specifice domeniului \u0219i modul de organizare a activit\u0103\u021bii \u00eentr-un salon. \u00cen acela\u0219i timp, ace\u0219tia au \u00eenceput s\u0103 st\u0103p\u00e2neasc\u0103 utilizarea instrumentelor profesionale \u0219i s\u0103 aplice primele tehnici de lucru.<\/p>\n\n\n\n<p>Componenta practic\u0103 devine tot mai important\u0103 \u00een procesul de \u00eenv\u0103\u021bare, participan\u021bii exers\u00e2nd sp\u0103latul profesional, uscarea din perie \u0219i tehnici de coafare. Emo\u021biile ini\u021biale sunt treptat \u00eenlocuite de \u00eencredere, iar fiecare etap\u0103 parcurs\u0103 contribuie la consolidarea competen\u021belor.<\/p>\n\n\n\n<p>Pe parcursul form\u0103rii, cursan\u021bii dob\u00e2ndesc abilit\u0103\u021bi precum: programarea clientelei, realizarea coafurilor, executarea ondula\u021biei permanente \u0219i aplicarea tratamentelor capilare \u2013 competen\u021be care le pot deschide drumul c\u0103tre o carier\u0103 stabil\u0103 \u00een domeniu.<\/p>\n\n\n\n<p>Proiectul \u201eCOMPETENT\u201d confirm\u0103 rolul activ al AJOFM Bistri\u021ba-N\u0103s\u0103ud \u00een sprijinirea ocup\u0103rii for\u021bei de munc\u0103, oferind nu doar calific\u0103ri, ci \u0219i \u0219ansa real\u0103 de a transforma o pasiune \u00eentr-o profesie.<\/p>\n\n\n\n<p><strong>AJOFM Bistri\u0163a-N\u0103s\u0103ud<\/strong><br>Bistri\u0163a, str. Lalelelor nr. 3A<br>Tel\/Fax: 0263 236 296<br>E-mail: <a href=\"mailto:ajofm.bn@anofm.gov.ro\">ajofm.bn@anofm.gov.ro<\/a><\/p>\n","protected":false},"excerpt":{"rendered":"<p>Agen\u021bia Jude\u021bean\u0103 pentru Ocuparea For\u021bei de Munc\u0103 Bistri\u021ba-N\u0103s\u0103ud deruleaz\u0103 proiectul \u201eCOMPETENT \u2013 Format, calificat, competitiv pe pia\u021ba muncii!\u201d, finan\u021bat prin Programul Opera\u021bional Educa\u021bie \u0219i Ocupare 2021\u20132027, prin care ofer\u0103 persoanelor<\/p>\n","protected":false},"author":68,"featured_media":0,"comment_status":"closed","ping_status":"closed","sticky":false,"template":"","format":"standard","meta":{"footnotes":""},"categories":[9,32,31],"tags":[],"class_list":["post-6076","post","type-post","status-publish","format-standard","hentry","category-comunicate-de-presa","category-ultimele-noutati","category-ultimele-noutati-slider"],"_links":{"self":[{"href":"https:\/\/www.anofm.ro\/bistrita-nasaud\/wp-json\/wp\/v2\/posts\/6076","targetHints":{"allow":["GET"]}}],"collection":[{"href":"https:\/\/www.anofm.ro\/bistrita-nasaud\/wp-json\/wp\/v2\/posts"}],"about":[{"href":"https:\/\/www.anofm.ro\/bistrita-nasaud\/wp-json\/wp\/v2\/types\/post"}],"author":[{"embeddable":true,"href":"https:\/\/www.anofm.ro\/bistrita-nasaud\/wp-json\/wp\/v2\/users\/68"}],"replies":[{"embeddable":true,"href":"https:\/\/www.anofm.ro\/bistrita-nasaud\/wp-json\/wp\/v2\/comments?post=6076"}],"version-history":[{"count":1,"href":"https:\/\/www.anofm.ro\/bistrita-nasaud\/wp-json\/wp\/v2\/posts\/6076\/revisions"}],"predecessor-version":[{"id":6077,"href":"https:\/\/www.anofm.ro\/bistrita-nasaud\/wp-json\/wp\/v2\/posts\/6076\/revisions\/6077"}],"wp:attachment":[{"href":"https:\/\/www.anofm.ro\/bistrita-nasaud\/wp-json\/wp\/v2\/media?parent=6076"}],"wp:term":[{"taxonomy":"category","embeddable":true,"href":"https:\/\/www.anofm.ro\/bistrita-nasaud\/wp-json\/wp\/v2\/categories?post=6076"},{"taxonomy":"post_tag","embeddable":true,"href":"https:\/\/www.anofm.ro\/bistrita-nasaud\/wp-json\/wp\/v2\/tags?post=6076"}],"curies":[{"name":"wp","href":"https:\/\/api.w.org\/{rel}","templated":true}]}}