{"id":6066,"date":"2026-04-23T12:38:58","date_gmt":"2026-04-23T09:38:58","guid":{"rendered":"https:\/\/www.anofm.ro\/bistrita-nasaud\/?p=6066"},"modified":"2026-04-23T12:38:58","modified_gmt":"2026-04-23T09:38:58","slug":"perspective-profesionale-pentru-tineri-bursa-locurilor-de-munca-active-youth-2026","status":"publish","type":"post","link":"https:\/\/www.anofm.ro\/bistrita-nasaud\/perspective-profesionale-pentru-tineri-bursa-locurilor-de-munca-active-youth-2026\/","title":{"rendered":"Perspective profesionale pentru tineri \u2013 Bursa locurilor de munc\u0103 \u201eActive Youth 2026\u201d"},"content":{"rendered":"\n<p>Agen\u021bia Jude\u021bean\u0103 pentru Ocuparea For\u021bei de Munc\u0103 Bistri\u021ba-N\u0103s\u0103ud implementeaz\u0103 proiectul european, \u00een parteneriat cu AJOFM Cluj, Universitatea Babe\u0219-Bolyai \u0219i AJOFM Satu Mare \u201eActive Youth \u00een Regiunea Nord-Vest \u2013 Re\u021bea Integrat\u0103 pentru Tineri\u201d, cod SMIS 334531, cofinan\u021bat din Programul \u201eEduca\u021bie \u0219i Ocupare\u201d 2021\u20132027.<\/p>\n\n\n\n<p>\u00cen contextul economic \u0219i al ocup\u0103rii for\u021bei de munc\u0103 din jude\u021bul Bistri\u021ba-N\u0103s\u0103ud, caracterizat de disponibiliz\u0103ri colective efectuate de mai mul\u021bi agen\u021bi economici \u00een cursul acestui an, Agen\u021bia Jude\u021bean\u0103 pentru Ocuparea For\u021bei de Munc\u0103 Bistri\u021ba-N\u0103s\u0103ud vine \u00een sprijinul tuturor persoanelor afectate \u0219i organizeaz\u0103, \u00een data de <strong>26 mai 2026<\/strong>, \u00eencep\u00e2nd cu ora <strong>10:00<\/strong>, evenimentul: <strong>\u201ePerspective profesionale pentru tineri \u2013 Bursa locurilor de munc\u0103 \u00ab Active Youth 2026 \u00bb\u201d<\/strong><\/p>\n\n\n\n<p>Evenimentul reprezint\u0103 o oportunitate important\u0103 pentru toate persoanele aflate \u00een c\u0103utarea unui loc de munc\u0103 (tineri, \u0219omeri de lung\u0103 durat\u0103 \u0219i grupuri vulnerabile) sau pentru cele care doresc s\u0103 se reorienteze profesional c\u0103tre domenii cu perspective de stabilitate pe termen mediu \u0219i lung.<\/p>\n\n\n\n<p>Participan\u021bii vor avea posibilitatea de a interac\u021biona direct cu angajatori din diverse domenii de activitate, de a afla informa\u021bii relevante despre oferta existent\u0103 pe pia\u021ba muncii \u0219i de a identifica oportunit\u0103\u021bi concrete de angajare.<\/p>\n\n\n\n<p>Agen\u021bii economici din jude\u021bul Bistri\u021ba-N\u0103s\u0103ud care ofer\u0103 locuri de munc\u0103 vacante sunt invita\u021bi s\u0103 participe la acest eveniment \u0219i se pot adresa sediului institu\u021biei din Bistri\u021ba, str. Lalelelor, nr. 3A, telefon: 0263 236296.<\/p>\n\n\n\n<p>Comunicarea locurilor de munc\u0103 vacante se poate face at\u00e2t pe suport de h\u00e2rtie, direct la sediul agen\u0163iei, c\u00e2t \u015fi \u00een format electronic la adresa de mail: <a href=\"mailto:ajofm.bn@anofm.gov.ro\">ajofm.bn@anofm.gov.ro<\/a> .<\/p>\n\n\n\n<p>Prin organizarea acestui eveniment, AJOFM Bistri\u021ba-N\u0103s\u0103ud \u00ee\u0219i reafirm\u0103 rolul activ \u00een facilitarea accesului la pia\u021ba muncii \u0219i \u00een sprijinirea integr\u0103rii profesionale a persoanelor aflate \u00een c\u0103utarea unui loc de munc\u0103.<\/p>\n","protected":false},"excerpt":{"rendered":"<p>Agen\u021bia Jude\u021bean\u0103 pentru Ocuparea For\u021bei de Munc\u0103 Bistri\u021ba-N\u0103s\u0103ud implementeaz\u0103 proiectul european, \u00een parteneriat cu AJOFM Cluj, Universitatea Babe\u0219-Bolyai \u0219i AJOFM Satu Mare \u201eActive Youth \u00een Regiunea Nord-Vest \u2013 Re\u021bea Integrat\u0103<\/p>\n","protected":false},"author":68,"featured_media":6067,"comment_status":"closed","ping_status":"closed","sticky":false,"template":"","format":"standard","meta":{"footnotes":""},"categories":[9,32,31],"tags":[],"class_list":["post-6066","post","type-post","status-publish","format-standard","has-post-thumbnail","hentry","category-comunicate-de-presa","category-ultimele-noutati","category-ultimele-noutati-slider"],"_links":{"self":[{"href":"https:\/\/www.anofm.ro\/bistrita-nasaud\/wp-json\/wp\/v2\/posts\/6066","targetHints":{"allow":["GET"]}}],"collection":[{"href":"https:\/\/www.anofm.ro\/bistrita-nasaud\/wp-json\/wp\/v2\/posts"}],"about":[{"href":"https:\/\/www.anofm.ro\/bistrita-nasaud\/wp-json\/wp\/v2\/types\/post"}],"author":[{"embeddable":true,"href":"https:\/\/www.anofm.ro\/bistrita-nasaud\/wp-json\/wp\/v2\/users\/68"}],"replies":[{"embeddable":true,"href":"https:\/\/www.anofm.ro\/bistrita-nasaud\/wp-json\/wp\/v2\/comments?post=6066"}],"version-history":[{"count":1,"href":"https:\/\/www.anofm.ro\/bistrita-nasaud\/wp-json\/wp\/v2\/posts\/6066\/revisions"}],"predecessor-version":[{"id":6068,"href":"https:\/\/www.anofm.ro\/bistrita-nasaud\/wp-json\/wp\/v2\/posts\/6066\/revisions\/6068"}],"wp:featuredmedia":[{"embeddable":true,"href":"https:\/\/www.anofm.ro\/bistrita-nasaud\/wp-json\/wp\/v2\/media\/6067"}],"wp:attachment":[{"href":"https:\/\/www.anofm.ro\/bistrita-nasaud\/wp-json\/wp\/v2\/media?parent=6066"}],"wp:term":[{"taxonomy":"category","embeddable":true,"href":"https:\/\/www.anofm.ro\/bistrita-nasaud\/wp-json\/wp\/v2\/categories?post=6066"},{"taxonomy":"post_tag","embeddable":true,"href":"https:\/\/www.anofm.ro\/bistrita-nasaud\/wp-json\/wp\/v2\/tags?post=6066"}],"curies":[{"name":"wp","href":"https:\/\/api.w.org\/{rel}","templated":true}]}}