{"id":6064,"date":"2026-04-23T12:36:46","date_gmt":"2026-04-23T09:36:46","guid":{"rendered":"https:\/\/www.anofm.ro\/bistrita-nasaud\/?p=6064"},"modified":"2026-04-23T12:36:46","modified_gmt":"2026-04-23T09:36:46","slug":"ajofm-bistrita-nasaud-face-apel-catre-angajatori-pentru-declararea-locurilor-de-munca-vacante","status":"publish","type":"post","link":"https:\/\/www.anofm.ro\/bistrita-nasaud\/ajofm-bistrita-nasaud-face-apel-catre-angajatori-pentru-declararea-locurilor-de-munca-vacante\/","title":{"rendered":"AJOFM Bistri\u0163a-N\u0103s\u0103ud face apel c\u0103tre angajatori pentru declararea locurilor de munc\u0103 vacante"},"content":{"rendered":"\n<p>Av\u00e2nd \u00een vedere contextul actual al pietei muncii la nivelul jude\u021bului Bistri\u0163a-N\u0103s\u0103ud, marcat de disponibiliz\u0103ri colective efectuate de mai mul\u021bi agen\u021bi economici \u00een cursul acestui an, Agen\u021bia Jude\u021bean\u0103 pentru Ocuparea For\u021bei de Munc\u0103 Bistri\u0163a-N\u0103s\u0103ud (AJOFM B-N) adreseaz\u0103 un apel c\u0103tre angajatori pentru a comunica toate locurile de munc\u0103 disponibile.<\/p>\n\n\n\n<p>Acest demers vizeaz\u0103 at\u00e2t locurile de munc\u0103 nou create, c\u00e2t \u0219i cele devenite vacante, \u00een vederea sprijinirii reintegr\u0103rii pe pia\u021ba muncii a persoanelor aflate \u00een c\u0103utarea unui loc de munc\u0103.<\/p>\n\n\n\n<p>AJOFM Bistri\u0163a-N\u0103s\u0103ud reaminte\u0219te angajatorilor din jude\u021b obliga\u021biile prev\u0103zute de <strong>Legea nr. 76\/2002 privind sistemul asigur\u0103rilor pentru \u0219omaj \u0219i stimularea ocup\u0103rii for\u021bei de munc\u0103<\/strong>, cu modific\u0103rile \u0219i complet\u0103rile ulterioare:<\/p>\n\n\n\n<ul class=\"wp-block-list\">\n<li>Angajatorii au obliga\u021bia de a comunica toate locurile de munc\u0103 vacante c\u0103tre AJOFM Bistri\u0163a-N\u0103s\u0103ud \u00een termen de <strong>5 zile lucr\u0103toare de la vacantarea acestora<\/strong>, conform art. 10 alin. (1).<\/li>\n\n\n\n<li>Ocuparea locurilor de munc\u0103 vacante trebuie comunicat\u0103 \u00een termen de <strong>o zi de la data ocup\u0103rii<\/strong>, conform art. 10 alin. (3).<\/li>\n\n\n\n<li>Ne\u00eendeplinirea acestor obliga\u021bii constituie contraven\u021bie.<\/li>\n<\/ul>\n\n\n\n<p>De asemenea:<\/p>\n\n\n\n<ul class=\"wp-block-list\">\n<li>\u00cen cazul \u00eencadr\u0103rii \u00een munc\u0103 a \u0219omerilor indemniza\u021bi, angajatorii au obliga\u021bia de a anun\u021ba AJOFM Bistri\u0163a-N\u0103s\u0103ud \u00een termen de <strong>3 zile de la data angaj\u0103rii<\/strong>, conform art. 41 alin. (2).<\/li>\n\n\n\n<li>Nerespectarea acestei obliga\u021bii constituie, de asemenea, contraven\u021bie.<\/li>\n<\/ul>\n\n\n\n<p>Pentru a facilita procesul de comunicare, angajatorii pot utiliza platforma online <strong>PULS<\/strong> (puls.anofm.ro). Crearea unui cont presupune completarea datelor de identificare, iar ulterior este necesar sprijinul AJOFM Bistri\u0163a-N\u0103s\u0103ud pentru asocierea contului cu societatea \u0219i activarea drepturilor de utilizare.<\/p>\n\n\n\n<p>Alternativ, comunicarea locurilor de munc\u0103 vacante \u0219i a ocup\u0103rii acestora se poate realiza direct la sediul institu\u021biei. Modelele necesare (Anexa 1A \u2013 declarare locuri de munc\u0103 vacante \u0219i Anexa 1B \u2013 comunicarea ocup\u0103rii locurilor de munc\u0103) sunt disponibile pe site-ul ANOFM <a href=\"http:\/\/www.anofm.ro\">www.anofm.ro<\/a> , la sec\u021biunea \u201eFormulare persoane juridice\u201d.<\/p>\n\n\n\n<p>Pentru informa\u021bii suplimentare, angajatorii se pot adresa:<br><strong>AJOFM Bistri\u0163a-N\u0103s\u0103ud<\/strong><br>Bistri\u0163a, str. Lalelelor nr. 3A<br>Tel\/Fax: 0263 236 296<br>E-mail: <a href=\"mailto:ajofm.bn@anofm.gov.ro\">ajofm.bn@anofm.gov.ro<\/a><\/p>\n\n\n\n<p><strong>Agen\u0163ia Jude\u0163ean\u0103 pentru Ocuparea For\u0163ei de Munc\u0103 Bistri\u0163a \u2013 N\u0103s\u0103ud<\/strong><\/p>\n","protected":false},"excerpt":{"rendered":"<p>Av\u00e2nd \u00een vedere contextul actual al pietei muncii la nivelul jude\u021bului Bistri\u0163a-N\u0103s\u0103ud, marcat de disponibiliz\u0103ri colective efectuate de mai mul\u021bi agen\u021bi economici \u00een cursul acestui an, Agen\u021bia Jude\u021bean\u0103 pentru Ocuparea<\/p>\n","protected":false},"author":68,"featured_media":0,"comment_status":"closed","ping_status":"closed","sticky":false,"template":"","format":"standard","meta":{"footnotes":""},"categories":[9,32,31],"tags":[],"class_list":["post-6064","post","type-post","status-publish","format-standard","hentry","category-comunicate-de-presa","category-ultimele-noutati","category-ultimele-noutati-slider"],"_links":{"self":[{"href":"https:\/\/www.anofm.ro\/bistrita-nasaud\/wp-json\/wp\/v2\/posts\/6064","targetHints":{"allow":["GET"]}}],"collection":[{"href":"https:\/\/www.anofm.ro\/bistrita-nasaud\/wp-json\/wp\/v2\/posts"}],"about":[{"href":"https:\/\/www.anofm.ro\/bistrita-nasaud\/wp-json\/wp\/v2\/types\/post"}],"author":[{"embeddable":true,"href":"https:\/\/www.anofm.ro\/bistrita-nasaud\/wp-json\/wp\/v2\/users\/68"}],"replies":[{"embeddable":true,"href":"https:\/\/www.anofm.ro\/bistrita-nasaud\/wp-json\/wp\/v2\/comments?post=6064"}],"version-history":[{"count":1,"href":"https:\/\/www.anofm.ro\/bistrita-nasaud\/wp-json\/wp\/v2\/posts\/6064\/revisions"}],"predecessor-version":[{"id":6065,"href":"https:\/\/www.anofm.ro\/bistrita-nasaud\/wp-json\/wp\/v2\/posts\/6064\/revisions\/6065"}],"wp:attachment":[{"href":"https:\/\/www.anofm.ro\/bistrita-nasaud\/wp-json\/wp\/v2\/media?parent=6064"}],"wp:term":[{"taxonomy":"category","embeddable":true,"href":"https:\/\/www.anofm.ro\/bistrita-nasaud\/wp-json\/wp\/v2\/categories?post=6064"},{"taxonomy":"post_tag","embeddable":true,"href":"https:\/\/www.anofm.ro\/bistrita-nasaud\/wp-json\/wp\/v2\/tags?post=6064"}],"curies":[{"name":"wp","href":"https:\/\/api.w.org\/{rel}","templated":true}]}}