{"id":60,"date":"2019-01-09T00:00:00","date_gmt":"2019-01-08T22:00:00","guid":{"rendered":"https:\/\/www.anofm.ro\/bistrita-nasaud\/150-locuri-de-munca-in-domeniul-agricol-recoltare-ambalare-fructe-in-spania-prin-intermediul-retelei-eures\/"},"modified":"2019-01-09T00:00:00","modified_gmt":"2019-01-08T22:00:00","slug":"150-locuri-de-munca-in-domeniul-agricol-recoltare-ambalare-fructe-in-spania-prin-intermediul-retelei-eures","status":"publish","type":"post","link":"https:\/\/www.anofm.ro\/bistrita-nasaud\/150-locuri-de-munca-in-domeniul-agricol-recoltare-ambalare-fructe-in-spania-prin-intermediul-retelei-eures\/","title":{"rendered":"150 locuri de munc\u0103 \u00een domeniul agricol (recoltare, ambalare fructe)  \u00een Spania prin intermediul Re\u0163elei EURES"},"content":{"rendered":"<p class=\"MsoNormal\" style=\"text-align:justify\"><b><span style=\"font-size:12.0pt\" lang=\"RO\">Grupul de<br \/>\nfirme Queralt<\/span><\/b><span style=\"font-size:12.0pt\" lang=\"RO\"> din regiunea Lleida, Spania care<br \/>\nofer\u0103 cele 150 locuri de munc\u0103 \u00een agricultur\u0103 este compus din mai multe ferme<br \/>\ndedicate producerii \u0219i comercializ\u0103rii fructelor (mere, cire\u0219e, nectarine,<br \/>\ncaise, etc.) <\/span><\/p>\n<p class=\"MsoNormal\" style=\"text-align:justify\"><b><span style=\"font-size:12.0pt\" lang=\"RO\">Descriere<br \/>\nloc de munc\u0103:<\/span><\/b><span style=\"font-size:12.0pt\" lang=\"RO\"> muncitorii vor lucra \u00een c\u00e2mp: cules<br \/>\nfructe (mere, cire\u0219e, nectarine, caise, etc.), cur\u0103\u021bat pomi; \u00een fabric\u0103:<br \/>\naranjarea fructelor \u00een l\u0103zi \u0219i caserole;<\/span><\/p>\n<p class=\"MsoNormal\" style=\"text-align:justify\"><b><span style=\"font-size:12.0pt\" lang=\"RO\">Cerin\u021be:<\/span><\/b><span lang=\"RO\"> sunt oferite 150 locuri de munc\u0103 dup\u0103 cum urmeaz\u0103: <\/span><span style=\"font-size:12.0pt\" lang=\"RO\">100-femei pentru munca \u00een c\u00e2mp \u0219i ambalat \u00een<br \/>\ndepozit; 50 &#8211; b\u0103rba\u021bi pentru munca \u00een c\u00e2mp, din care: 1 \u0219ofer autobuz pentru<br \/>\ntransportul muncitorilor la locul de munc\u0103 (categoria D + atestat); 2 \u0219oferi<br \/>\ncamion pentru transportul fructelor din c\u00e2mp la depozit (categoria C + E \u0219i<br \/>\natestat) \u0219i 2 tractori\u0219ti;<\/span><\/p>\n<p class=\"MsoNormal\" style=\"text-align:justify\"><b><span style=\"font-size:12.0pt\" lang=\"RO\">Limba str\u0103in\u0103<\/span><\/b><span style=\"font-size:12.0pt\" lang=\"RO\">: nu se solicit\u0103<\/span><\/p>\n<p class=\"MsoNormal\" style=\"text-align:justify\"><b><span style=\"font-size:12.0pt\" lang=\"RO\">Salariu:<\/span><\/b><span lang=\"RO\"> <\/span><span style=\"font-size:12.0pt\" lang=\"RO\">6.25 euro brut\/or\u0103 (pentru lucrul \u00een<br \/>\nc\u00e2mp); 5.96 euro brut\/ora (pentru lucrul \u00een fabric\u0103)<\/span><\/p>\n<p class=\"MsoNormal\" style=\"text-align:justify\"><b><span style=\"font-size:12.0pt\" lang=\"RO\">Beneficii \u0219i<br \/>\nalte condi\u021bii<\/span><\/b><span style=\"font-size:12.0pt\" lang=\"RO\">:<\/span><span lang=\"RO\"> <\/span><span style=\"font-size:12.0pt\" lang=\"RO\">transportul dus-\u00eentors Spania \u00eel pl\u0103te\u0219te<br \/>\nmuncitorul. Pentru locuin\u021b\u0103 (utilit\u0103\u021bi) \u0219i alte cheltuieli se re\u021bine 10% din<br \/>\nsalariu \u00een primul an \u0219i \u00een al doilea an 5% din salariu. Locuin\u021bele au zon\u0103<br \/>\ncomun\u0103 de sp\u0103l\u0103torie \u0219i buc\u0103t\u0103rii. Familia va locui \u00een camere separate. Se<br \/>\nprime\u0219te set complet de lenjerie de pat \u0219i echipament de protec\u021bie individual (\u00een<br \/>\ncazul pierderii acestuia, se pl\u0103te\u0219te). Contractul de munc\u0103 se semneaz\u0103 \u00een<br \/>\nSpania (dup\u0103 \u00eenscrierea \u00een sistemul de securitate social\u0103-ob\u021binere NIE). <\/span><\/p>\n<p class=\"MsoNormal\" style=\"text-align:justify\"><b><span style=\"font-size:12.0pt\" lang=\"RO\">Durat\u0103<br \/>\ncontract:<\/span><\/b><span style=\"font-size:12.0pt\" lang=\"RO\"> aprilie &#8211; septembrie 2019 cu<br \/>\nposibilitate de prelungire p\u00e2n\u0103 \u00een luna noiembrie<\/span><\/p>\n<p class=\"MsoNormal\" style=\"text-align:justify\"><b><span style=\"font-size:12.0pt\" lang=\"RO\">Mod de<br \/>\naplicare: <\/span><\/b><span style=\"font-size:12.0pt\" lang=\"RO\">persoanele cu domiciliul \u00een<br \/>\njude\u021bul Bistri\u0163a &#8211; N\u0103s\u0103ud, care corespund cerin\u021belor posturilor oferite,<br \/>\ntrebuie s\u0103 se adreseze consilierului EURES din cadrul Agen\u021biei Jude\u021bene pentru<br \/>\nOcuparea For\u021bei de Munc\u0103 Bistri\u0163a &#8211; N\u0103s\u0103ud, telefon 0263236296, pentru a fi \u00eenregistrate<br \/>\n\u00een baza de date pentru munca \u00een str\u0103in\u0103tate. \u00censcrierea \u00een baza de date pentru<br \/>\nmunca \u00een str\u0103inatate se realizeaza pe baza urm\u0103toarelor documente: cererea tip<br \/>\n(se completeaz\u0103 la sediul agen\u021biei), copie act identitate, CV, adeverin\u021b\u0103<br \/>\nmedical\u0103 &#8222;apt pentru munc\u0103&#8221;.<\/span><\/p>\n<p class=\"MsoNormal\" style=\"text-align:justify\"><b><span style=\"font-size:12.0pt\" lang=\"RO\">Termenul<br \/>\nlimita pentru depunerea dosarelor este 01.04.2019.<\/span><\/b><span style=\"font-size:12.0pt\" lang=\"RO\"><\/span><\/p>\n<p class=\"MsoNormal\" style=\"text-align:justify\"><b><span style=\"font-size:12.0pt\" lang=\"RO\">Data \u0219i loca\u021bia<br \/>\nbursei se va comunica la o dat\u0103 ulterioar\u0103.<\/p>\n<p><\/span><\/b><\/p>\n<\/p>\n<p class=\"MsoNormal\" style=\"text-align:justify\"><b><span style=\"font-size:12.0pt\" lang=\"RO\">Agen\u021bia Jude\u021bean\u0103 pentru<br \/>\nOcuparea For\u021bei de Munc\u0103 Bistri\u0163a-N\u0103s\u0103ud<\/span><\/b><span lang=\"RO\"><\/span><\/p>\n<p class=\"MsoNormal\" style=\"text-align:justify\"><b><span style=\"font-size:12.0pt\" lang=\"RO\"><br \/><\/span><\/b><\/p>\n","protected":false},"excerpt":{"rendered":"<p>agricultura Spania EURES<\/p>\n","protected":false},"author":0,"featured_media":0,"comment_status":"closed","ping_status":"closed","sticky":false,"template":"","format":"standard","meta":{"footnotes":""},"categories":[9],"tags":[],"class_list":["post-60","post","type-post","status-publish","format-standard","hentry","category-comunicate-de-presa"],"_links":{"self":[{"href":"https:\/\/www.anofm.ro\/bistrita-nasaud\/wp-json\/wp\/v2\/posts\/60","targetHints":{"allow":["GET"]}}],"collection":[{"href":"https:\/\/www.anofm.ro\/bistrita-nasaud\/wp-json\/wp\/v2\/posts"}],"about":[{"href":"https:\/\/www.anofm.ro\/bistrita-nasaud\/wp-json\/wp\/v2\/types\/post"}],"replies":[{"embeddable":true,"href":"https:\/\/www.anofm.ro\/bistrita-nasaud\/wp-json\/wp\/v2\/comments?post=60"}],"version-history":[{"count":0,"href":"https:\/\/www.anofm.ro\/bistrita-nasaud\/wp-json\/wp\/v2\/posts\/60\/revisions"}],"wp:attachment":[{"href":"https:\/\/www.anofm.ro\/bistrita-nasaud\/wp-json\/wp\/v2\/media?parent=60"}],"wp:term":[{"taxonomy":"category","embeddable":true,"href":"https:\/\/www.anofm.ro\/bistrita-nasaud\/wp-json\/wp\/v2\/categories?post=60"},{"taxonomy":"post_tag","embeddable":true,"href":"https:\/\/www.anofm.ro\/bistrita-nasaud\/wp-json\/wp\/v2\/tags?post=60"}],"curies":[{"name":"wp","href":"https:\/\/api.w.org\/{rel}","templated":true}]}}