{"id":5810,"date":"2025-10-21T08:40:33","date_gmt":"2025-10-21T05:40:33","guid":{"rendered":"https:\/\/www.anofm.ro\/bistrita-nasaud\/?p=5810"},"modified":"2025-10-21T08:40:33","modified_gmt":"2025-10-21T05:40:33","slug":"formactiv-dezvoltam-noi-competente-pentru-cresterea-ocuparii-pe-piata-muncii","status":"publish","type":"post","link":"https:\/\/www.anofm.ro\/bistrita-nasaud\/formactiv-dezvoltam-noi-competente-pentru-cresterea-ocuparii-pe-piata-muncii\/","title":{"rendered":"FORMACTIV \u2013 dezvolt\u0103m noi competen\u021be pentru cre\u0219terea ocup\u0103rii pe pia\u021ba muncii"},"content":{"rendered":"\n<p>\u00cen Rom\u00e2nia este nevoie de meseria\u0219i buni \u00een multe domenii de activitate. \u0218i niciodat\u0103 nu e prea t\u00e2rziu s\u0103 \u00eenve\u021bi o meserie care are c\u0103utare pe pia\u021ba muncii. Mai ales dac\u0103 acea meserie \u00ee\u021bi asigur\u0103 un loc de munc\u0103 stabil \u0219i cu \u0219ansa unor venituri bune \u0219i a \u00eemplinirii profesionale.<\/p>\n\n\n\n<p>\u00cen acest sens, <strong>AJOFM Bistri\u0163a \u2013 N\u0103s\u0103ud<\/strong> implementeaz\u0103 proiectul &#8222;FORMACTIV&#8221;, proiect care sprijin\u0103 ocuparea \u0219i formarea profesional\u0103 prin subventionarea programelor de ucenicie.<\/p>\n\n\n\n<p><strong>FORMACTIV<\/strong> se adreseaz\u0103 \u0219omerilor cu v\u00e2rsta de peste 30 de ani \u00eenregistra\u021bi la Agen\u021bia Jude\u021bean\u0103 pentru Ocuparea For\u021bei de Munc\u0103 Bistrita-Nasaud \u0219i ofer\u0103 sprijin financiar angajatorilor care \u00eei \u00eencadreaz\u0103 \u0219i \u00eei specializeaz\u0103 la locul de munc\u0103 pe o perioad\u0103 cuprins\u0103 \u00eentre 6 \u0219i 36 de luni, \u00een func\u021bie de nivelul de calificare.<\/p>\n\n\n\n<p>Beneficiile pentru angaja\u021bi \u0219i angajatori:<\/p>\n\n\n\n<p>-Calificare profesional\u0103 adaptat\u0103 pie\u021bei muncii;<\/p>\n\n\n\n<p>-Oportunit\u0103\u021bi concrete de ocupare pentru \u0219omeri;<\/p>\n\n\n\n<p>-Subven\u021bii pentru angajatori: 2.250 de lei\/lun\u0103 pentru fiecare ucenic, conform Legii nr. 279\/2005 (aceast\u0103 sum\u0103 se acord\u0103 propor\u021bional cu timpul efectiv lucrat de ucenic, inclusiv pe durata concediului de odihn\u0103 anual);<\/p>\n\n\n\n<p>-Cre\u0219terea gradului de ocupare \u0219i reducerea \u0219omajului;<\/p>\n\n\n\n<p>Angajatorii care doresc s\u0103 organizeze activit\u0103\u0163i de ucenicie au obliga\u021bia s\u0103 comunice Agen\u021biei Jude\u021bene pentru Ocuparea For\u021bei de Munc\u0103 Bistri\u021ba N\u0103s\u0103ud, locurile de munc\u0103 vacante care pot fi ocupate prin \u00eencheierea de contracte de ucenicie&nbsp;: <a href=\"https:\/\/www.anofm.ro\/locuri-de-munca-vacante\">https:\/\/www.anofm.ro\/locuri-de-munca-vacante<\/a><\/p>\n\n\n\n<p>Pentru a beneficia de un program de ucenicie, persoana aflat\u0103 \u00een c\u0103utarea unui loc de munc\u0103<\/p>\n\n\n\n<p>depune la AJOFM Bistri\u021ba N\u0103s\u0103ud, o cerere \u00een acest sens\u0219 <a href=\"https:\/\/www.anofm.ro\/ucenicia-la-locul-de-munca\">https:\/\/www.anofm.ro\/ucenicia-la-locul-de-munca<\/a><\/p>\n\n\n\n<p><strong>Rezultatele <\/strong>ob\u021binute de AJOFM Bistri\u0163a \u2013 N\u0103s\u0103ud &nbsp;\u00een perioada de derulare a proiectului, p\u00e2n\u0103 la data de 14 octombrie 2025: &#8211; au fost \u00eencheiate \u0219i se afl\u0103 \u00een plat\u0103 14 conven\u021bii de ucenicie cu \u00eencadrarea \u00een munc\u0103 a 94 de ucenici. Sumele pl\u0103tite ucenicilor au fost \u00een valoare de &nbsp;613.667 lei.<\/p>\n\n\n\n<p>Meseriile \u00een care sunt forma\u021bi ucenicii sunt \u00een urm\u0103toarele domenii: industria alimentar\u0103 \/HORECA (buc\u0103tar, cofetar, osp\u0103tar, technician \u00een industrita alimentar\u0103), turism (administrator pensiune turistic\u0103), construc\u021bii ( zidar ro\u0219ar tencuitor, fierar betonist), resurs\u0103 uman\u0103 (referent resurse umane) \u0219i protec\u021bia mediului (responsabil de mediu).<\/p>\n\n\n\n<p>Pentru informa\u021bii, angajatorii se pot adresa la AJOFM Bistri\u0163a \u2013 N\u0103s\u0103ud: e-mail: ajofm.bn@anofm.gov.ro, tel: 0263 &#8211; 236296.<\/p>\n","protected":false},"excerpt":{"rendered":"<p>\u00cen Rom\u00e2nia este nevoie de meseria\u0219i buni \u00een multe domenii de activitate. \u0218i niciodat\u0103 nu e prea t\u00e2rziu s\u0103 \u00eenve\u021bi o meserie care are c\u0103utare pe pia\u021ba muncii. Mai ales<\/p>\n","protected":false},"author":68,"featured_media":5811,"comment_status":"closed","ping_status":"closed","sticky":false,"template":"","format":"standard","meta":{"footnotes":""},"categories":[9,32,31],"tags":[],"class_list":["post-5810","post","type-post","status-publish","format-standard","has-post-thumbnail","hentry","category-comunicate-de-presa","category-ultimele-noutati","category-ultimele-noutati-slider"],"_links":{"self":[{"href":"https:\/\/www.anofm.ro\/bistrita-nasaud\/wp-json\/wp\/v2\/posts\/5810","targetHints":{"allow":["GET"]}}],"collection":[{"href":"https:\/\/www.anofm.ro\/bistrita-nasaud\/wp-json\/wp\/v2\/posts"}],"about":[{"href":"https:\/\/www.anofm.ro\/bistrita-nasaud\/wp-json\/wp\/v2\/types\/post"}],"author":[{"embeddable":true,"href":"https:\/\/www.anofm.ro\/bistrita-nasaud\/wp-json\/wp\/v2\/users\/68"}],"replies":[{"embeddable":true,"href":"https:\/\/www.anofm.ro\/bistrita-nasaud\/wp-json\/wp\/v2\/comments?post=5810"}],"version-history":[{"count":1,"href":"https:\/\/www.anofm.ro\/bistrita-nasaud\/wp-json\/wp\/v2\/posts\/5810\/revisions"}],"predecessor-version":[{"id":5812,"href":"https:\/\/www.anofm.ro\/bistrita-nasaud\/wp-json\/wp\/v2\/posts\/5810\/revisions\/5812"}],"wp:featuredmedia":[{"embeddable":true,"href":"https:\/\/www.anofm.ro\/bistrita-nasaud\/wp-json\/wp\/v2\/media\/5811"}],"wp:attachment":[{"href":"https:\/\/www.anofm.ro\/bistrita-nasaud\/wp-json\/wp\/v2\/media?parent=5810"}],"wp:term":[{"taxonomy":"category","embeddable":true,"href":"https:\/\/www.anofm.ro\/bistrita-nasaud\/wp-json\/wp\/v2\/categories?post=5810"},{"taxonomy":"post_tag","embeddable":true,"href":"https:\/\/www.anofm.ro\/bistrita-nasaud\/wp-json\/wp\/v2\/tags?post=5810"}],"curies":[{"name":"wp","href":"https:\/\/api.w.org\/{rel}","templated":true}]}}