{"id":5755,"date":"2025-09-15T11:43:16","date_gmt":"2025-09-15T08:43:16","guid":{"rendered":"https:\/\/www.anofm.ro\/bistrita-nasaud\/?p=5755"},"modified":"2025-09-15T11:43:16","modified_gmt":"2025-09-15T08:43:16","slug":"bursa-locurilor-de-munca-pentru-absolventi-4","status":"publish","type":"post","link":"https:\/\/www.anofm.ro\/bistrita-nasaud\/bursa-locurilor-de-munca-pentru-absolventi-4\/","title":{"rendered":"Bursa Locurilor de Munc\u0103 pentru Absolven\u0163i"},"content":{"rendered":"\n<p><strong>Agen\u0163ia Jude\u0163ean\u0103 pentru Ocuparea For\u0163ei de Munc\u0103 Bistri\u0163a \u2013 N\u0103s\u0103ud <\/strong>anun\u021b\u0103 organizarea bursei locurilor de munc\u0103 pentru absolven\u021bi, \u00een data de 10 octombrie 2025.<\/p>\n\n\n\n<p>Absolven\u021bii unei forme de \u00eenv\u0103\u021b\u0103m\u00e2nt, promo\u021bia 2025, care \u00eenc\u0103 nu \u0219i-au g\u0103sit un loc de munc\u0103 au \u0219ansa de a intra pe pia\u021ba muncii, la Bursa locurilor de munc\u0103 destinat\u0103 lor.<\/p>\n\n\n\n<p>Obiectivul principal al acestui eveniment \u00eel constituie cre\u0219terea gradului de ocupare pentru absolven\u021bi, nefiind excluse alte categorii de persoane aflate \u00een c\u0103utarea unui loc de munc\u0103 prin \u00eent\u00e2lnirea direct\u0103 a cererii cu oferta de locuri de munc\u0103, \u00een condi\u021biile unei concuren\u021be loiale, transparente, care s\u0103 permit\u0103 realizarea unui echilibru \u00eentre acestea.<\/p>\n\n\n\n<p>\u00cen vederea particip\u0103rii la Bursa Locurilor de Munca pentru Absolven\u0163i, angajatorii pot transmite pan\u0103 la data de 08.10.2025 oferta de locuri de munc\u0103 vacante, date de contact: tel. 0263 \u2013 236 296, fax. 0263 \u2013 236296, mobil: 0786709260, e-mail: <a href=\"mailto:ajofm.bn@anofm.gov.ro\">ajofm.bn@anofm.gov.ro<\/a>.<\/p>\n\n\n\n<p><strong>Bursa Locurilor de Munc\u0103 pentru Absolven\u0163i <\/strong>va avea loc vineri, 10 octombrie 2025, \u00eencepand cu ora 10, la sediul <strong>Agen\u0163iei Jude\u0163ene pentru Ocuparea For\u0163ei de Munc\u0103 Bistri\u0163a \u2013 N\u0103s\u0103ud<\/strong> <strong>din Bistri\u0163a, str. Lalelelor<\/strong><strong>, nr.3A.<\/strong><\/p>\n","protected":false},"excerpt":{"rendered":"<p>Agen\u0163ia Jude\u0163ean\u0103 pentru Ocuparea For\u0163ei de Munc\u0103 Bistri\u0163a \u2013 N\u0103s\u0103ud anun\u021b\u0103 organizarea bursei locurilor de munc\u0103 pentru absolven\u021bi, \u00een data de 10 octombrie 2025. Absolven\u021bii unei forme de \u00eenv\u0103\u021b\u0103m\u00e2nt, promo\u021bia<\/p>\n","protected":false},"author":68,"featured_media":0,"comment_status":"closed","ping_status":"closed","sticky":false,"template":"","format":"standard","meta":{"footnotes":""},"categories":[9,32,31],"tags":[],"class_list":["post-5755","post","type-post","status-publish","format-standard","hentry","category-comunicate-de-presa","category-ultimele-noutati","category-ultimele-noutati-slider"],"_links":{"self":[{"href":"https:\/\/www.anofm.ro\/bistrita-nasaud\/wp-json\/wp\/v2\/posts\/5755","targetHints":{"allow":["GET"]}}],"collection":[{"href":"https:\/\/www.anofm.ro\/bistrita-nasaud\/wp-json\/wp\/v2\/posts"}],"about":[{"href":"https:\/\/www.anofm.ro\/bistrita-nasaud\/wp-json\/wp\/v2\/types\/post"}],"author":[{"embeddable":true,"href":"https:\/\/www.anofm.ro\/bistrita-nasaud\/wp-json\/wp\/v2\/users\/68"}],"replies":[{"embeddable":true,"href":"https:\/\/www.anofm.ro\/bistrita-nasaud\/wp-json\/wp\/v2\/comments?post=5755"}],"version-history":[{"count":1,"href":"https:\/\/www.anofm.ro\/bistrita-nasaud\/wp-json\/wp\/v2\/posts\/5755\/revisions"}],"predecessor-version":[{"id":5756,"href":"https:\/\/www.anofm.ro\/bistrita-nasaud\/wp-json\/wp\/v2\/posts\/5755\/revisions\/5756"}],"wp:attachment":[{"href":"https:\/\/www.anofm.ro\/bistrita-nasaud\/wp-json\/wp\/v2\/media?parent=5755"}],"wp:term":[{"taxonomy":"category","embeddable":true,"href":"https:\/\/www.anofm.ro\/bistrita-nasaud\/wp-json\/wp\/v2\/categories?post=5755"},{"taxonomy":"post_tag","embeddable":true,"href":"https:\/\/www.anofm.ro\/bistrita-nasaud\/wp-json\/wp\/v2\/tags?post=5755"}],"curies":[{"name":"wp","href":"https:\/\/api.w.org\/{rel}","templated":true}]}}