{"id":5724,"date":"2025-08-28T10:11:14","date_gmt":"2025-08-28T07:11:14","guid":{"rendered":"https:\/\/www.anofm.ro\/bistrita-nasaud\/?p=5724"},"modified":"2025-08-28T10:12:05","modified_gmt":"2025-08-28T07:12:05","slug":"1640-persoane-si-au-gasit-un-loc-de-munca-cu-sprijinul-ajofm-bistrita-nasaud-in-primele-sapteluni-ale-anului-2025","status":"publish","type":"post","link":"https:\/\/www.anofm.ro\/bistrita-nasaud\/1640-persoane-si-au-gasit-un-loc-de-munca-cu-sprijinul-ajofm-bistrita-nasaud-in-primele-sapteluni-ale-anului-2025\/","title":{"rendered":"1640 persoane \u015fi-au g\u0103sit un loc de munc\u0103 cu sprijinul AJOFM Bistri\u0163a \u2013 N\u0103s\u0103ud \u00een primele \u00a0\u0219apte luni ale anului 2025"},"content":{"rendered":"\n<div data-wp-interactive=\"core\/file\" class=\"wp-block-file\"><object data-wp-bind--hidden=\"!state.hasPdfPreview\" hidden class=\"wp-block-file__embed\" data=\"https:\/\/www.anofm.ro\/bistrita-nasaud\/wp-content\/uploads\/sites\/7\/2025\/08\/ocupare-iulie-anul-2025-AJOFM-BN.pdf\" type=\"application\/pdf\" style=\"width:100%;height:600px\" aria-label=\"\u00cenglobare pentru ocupare iulie anul 2025 AJOFM BN.\"><\/object><a id=\"wp-block-file--media-d8ef6f74-3705-4cb8-9a20-3cac748a911c\" href=\"https:\/\/www.anofm.ro\/bistrita-nasaud\/wp-content\/uploads\/sites\/7\/2025\/08\/ocupare-iulie-anul-2025-AJOFM-BN.pdf\">ocupare iulie anul 2025 AJOFM BN<\/a><a href=\"https:\/\/www.anofm.ro\/bistrita-nasaud\/wp-content\/uploads\/sites\/7\/2025\/08\/ocupare-iulie-anul-2025-AJOFM-BN.pdf\" class=\"wp-block-file__button wp-element-button\" download aria-describedby=\"wp-block-file--media-d8ef6f74-3705-4cb8-9a20-3cac748a911c\">Descarc\u0103<\/a><\/div>\n","protected":false},"excerpt":{"rendered":"","protected":false},"author":68,"featured_media":0,"comment_status":"closed","ping_status":"closed","sticky":false,"template":"","format":"standard","meta":{"footnotes":""},"categories":[9,32,31],"tags":[],"class_list":["post-5724","post","type-post","status-publish","format-standard","hentry","category-comunicate-de-presa","category-ultimele-noutati","category-ultimele-noutati-slider"],"_links":{"self":[{"href":"https:\/\/www.anofm.ro\/bistrita-nasaud\/wp-json\/wp\/v2\/posts\/5724","targetHints":{"allow":["GET"]}}],"collection":[{"href":"https:\/\/www.anofm.ro\/bistrita-nasaud\/wp-json\/wp\/v2\/posts"}],"about":[{"href":"https:\/\/www.anofm.ro\/bistrita-nasaud\/wp-json\/wp\/v2\/types\/post"}],"author":[{"embeddable":true,"href":"https:\/\/www.anofm.ro\/bistrita-nasaud\/wp-json\/wp\/v2\/users\/68"}],"replies":[{"embeddable":true,"href":"https:\/\/www.anofm.ro\/bistrita-nasaud\/wp-json\/wp\/v2\/comments?post=5724"}],"version-history":[{"count":2,"href":"https:\/\/www.anofm.ro\/bistrita-nasaud\/wp-json\/wp\/v2\/posts\/5724\/revisions"}],"predecessor-version":[{"id":5727,"href":"https:\/\/www.anofm.ro\/bistrita-nasaud\/wp-json\/wp\/v2\/posts\/5724\/revisions\/5727"}],"wp:attachment":[{"href":"https:\/\/www.anofm.ro\/bistrita-nasaud\/wp-json\/wp\/v2\/media?parent=5724"}],"wp:term":[{"taxonomy":"category","embeddable":true,"href":"https:\/\/www.anofm.ro\/bistrita-nasaud\/wp-json\/wp\/v2\/categories?post=5724"},{"taxonomy":"post_tag","embeddable":true,"href":"https:\/\/www.anofm.ro\/bistrita-nasaud\/wp-json\/wp\/v2\/tags?post=5724"}],"curies":[{"name":"wp","href":"https:\/\/api.w.org\/{rel}","templated":true}]}}