{"id":55,"date":"2018-12-14T00:00:00","date_gmt":"2018-12-13T22:00:00","guid":{"rendered":"https:\/\/www.anofm.ro\/bistrita-nasaud\/unit-2-rmpd-ucenicie-si-stagii-pentru-tinerii-neets-din-regiunile-mai-putin-dezvoltate\/"},"modified":"2018-12-14T00:00:00","modified_gmt":"2018-12-13T22:00:00","slug":"unit-2-rmpd-ucenicie-si-stagii-pentru-tinerii-neets-din-regiunile-mai-putin-dezvoltate","status":"publish","type":"post","link":"https:\/\/www.anofm.ro\/bistrita-nasaud\/unit-2-rmpd-ucenicie-si-stagii-pentru-tinerii-neets-din-regiunile-mai-putin-dezvoltate\/","title":{"rendered":"UNIT 2 RMPD &#8211; Ucenicie si stagii pentru tinerii NEETs din regiunile mai putin dezvoltate"},"content":{"rendered":"<p><font style=\"font-size: 14px\"><span style=\"text-align: justify;font-family:\"><span style=\"font-size: 14px\"><font style=\"font-size: 14px\"><font style=\"font-size: 14px\"><b style=\"text-align: justify;font-family:\">POCU\/262\/2.1\/2.2\/119910<\/b><\/font><\/font><\/span><\/span><\/font><\/p>\n<p style=\"text-align: justify\"><font style=\"font-size: 14px\"><span style=\"text-align: justify;font-family:\"><span style=\"font-size: 14px\">A<\/span><font style=\"font-size: 14px\">gen\u021bia Na\u021bional\u0103 pentru Ocuparea For\u021bei de Munc\u0103 (ANOFM) implementeaz\u0103 pe o perioad\u0103 de 36 de luni, proiectul\u00a0<\/font><\/span><font style=\"font-size: 14px\"><b style=\"text-align: justify;font-family:\">&#8222;UNIT 2 RMPD \u2013 Ucenicie \u015fi stagii pentru tineri NEETs din regiunile mai pu\u0163in dezvoltate&#8221;, POCU\/262\/2.1\/2.2\/119910<\/b><span style=\"text-align: justify;font-family:\">,<br \/>\n cofinan\u021bat de Uniunea European\u0103 din Fondul Social European(FSE) prin<br \/>\nProgramul Opera\u021bional Capital Uman 2014-2020 (POCU). Obiectivul general<br \/>\nal proiectului \u00eel constituie \u00eembun\u0103t\u0103\u021birea posibilit\u0103\u021bilor de \u00eencadrare<br \/>\na\u00a0<\/span><b style=\"text-align: justify;font-family:\">minimum 900 tineri NEETs<\/b><span style=\"text-align: justify;font-family:\">\u00a0\u0219omeri \u00eenregistra\u021bi la Serviciul Public de Ocupare (SPO).\u00a0<\/span><\/font><\/font><\/p>\n<p style=\"margin: 0px 0px 10px;font-family:\"><font style=\"font-size: 14px\"><span style=\"font-family:\"><font style=\"font-size: 14px\">Obiectivele<br \/>\n specifice ale proiectului prev\u0103d stimularea ocup\u0103rii tinerilor NEETs<br \/>\n\u0219omeri \u00eenregistra\u021bi la Serviciul Public de Ocupare, prin acordarea<br \/>\nsprijinului financiar angajatorilor, aferent\u00a0<b>\u00eencadr\u0103rii prin<\/b>\u00a0<b>ucenicie la locul de munc\u0103 a 812 tineri NEETs\u00a0<\/b>\u0219omeri \u0219i oferire de sprijin financiar pentru\u00a0<b>\u00eencadrarea prin<\/b>\u00a0<\/font><b><font style=\"font-size: 14px\">stagii a unui num<\/font><span style=\"font-size: 14px\">\u0103r de 88 tineri NEETs<\/span><\/b><span style=\"font-size: 14px\">\u00a0\u0219omeri, absolven\u021bii de \u00eenv\u0103\u021b\u0103m\u00e2nt superior.\u00a0<\/span><b style=\"font-size: 14px\">Subven\u021biile acordate angajatorilor sunt \u00een cuantum de 2.250 lei\/lun\u0103 pentru fiecare ucenic\/stagiar.<\/b><\/span><span style=\"font-size: 14px;font-family: Arial, sans-serif\"><\/span><\/font><\/p>\n<p style=\"margin: 0px 0px 10px;font-family:\"><font style=\"font-size: 14px\"><span style=\"font-family:\">Proiectul<br \/>\n va fi implementat cu sprijinul a 21 agen\u021bii jude\u021bene pentru ocuparea<br \/>\nfor\u021bei de munc\u0103 din cele 4 regiuni eligibile, conform cererii de<br \/>\nfinan\u021bare, respectiv Nord-Est (Bac\u0103u, Boto\u015fani, Ia\u015fi, Neam\u0163, Suceava,<br \/>\nVaslui), Nord-Vest (Bihor, Bistri\u0163a, Cluj, Maramure\u015f, Satu-Mare, S\u0103laj),<br \/>\n Sud-Vest Oltenia (Dolj, Gorj, Mehedin\u0163i, Olt, V\u00e2lcea), Vest<br \/>\n(Arad,Cara\u015f-Severin, Hunedoara,Timi\u015f).<\/span><span style=\"font-family: Arial, sans-serif\"><\/span><\/font><\/p>\n<p style=\"margin: 0px 0px 10px;font-family:\"><span style=\"font-family:\"><font style=\"font-size: 14px\">Bugetul<br \/>\n total al proiectului este de 38.629.300,79 lei, din care 5.794.395,11<br \/>\nlei finan\u0163are na\u0163ional\u0103 \u0219i 32.834.905,68 lei finan\u0163are extern\u0103<br \/>\nnerambursabil\u0103.<\/font><\/span><\/p>\n<p style=\"margin: 0px 0px 10px;font-family:\"><span style=\"font-family:\"><font style=\"font-size: 14px\">Perioada de implementare este 19 februarie 2018 &#8211; 18 noiembrie 2021. <br \/><\/font><\/span><\/p>\n<p><font style=\"font-size: 14px\"><a href=\"\/upload\/3402\/Informare_-_rezultate_la_30_septembrie_1.pdf\">Informare_-_rezultate_la_30_septembrie_1.pdf<\/a> <\/font><\/p>\n<p><font style=\"font-size: 14px\"><a href=\"\/upload\/3402\/Prezentare_proiect_UNIT_2_RMPD_-rezultate_la_30_septembrie.pdf\"><font size=\"3\" face=\"Trebuchet MS\"><\/font><\/a><font size=\"3\" face=\"Trebuchet MS\"><a style=\"font-size: 14px\" href=\"\/upload\/1449\/Prezentare_proiect_UNIT_2_RMPD_-rezultate_la_30_septembrie.pdf\">Brosura electronica &#8211; rezultate 30 septembrie2019<\/a><\/font><\/font><\/p>\n<p><font style=\"font-size: 14px\"><a href=\"\/upload\/3402\/Informare_-_28.06.2019.pdf\">Informare 28.06.2019.pdf<\/a> <\/font><\/p>\n<p><font style=\"font-size: 14px\"><a href=\"\/upload\/3402\/Informare_Subven%C8%9Bii_acordate_angajatorilor_care_deruleaz%C4%83_programe_de_ucenicie_sau_stagiu.pdf\">Informare_Subven\u021bii_acordate_angajatorilor_care_deruleaz\u0103_programe_de_ucenicie_sau_stagiu.pdf<\/a> <br \/><\/font><\/p>\n<p><font style=\"font-size: 14px\"> <a href=\"\/upload\/3402\/Raport_de_activitate_-_1_an_de_implementare.pdf\">Raport de activitate-1an dei mplementare.pdf<\/a> <\/font><\/p>\n<p><font style=\"font-size: 14px\"><a href=\"\/upload\/3402\/Informare_rezultate_30noiembrie.pdf\">Informare_rezultate_30noiembrie.pdf<\/a> <\/font><\/p>\n<p><font style=\"font-size: 14px\"><a href=\"\/upload\/3402\/Informare_proiect_UNIT_2_RMPD-modificari_legislative.pdf\">Informare_proiect_UNIT_2_RMPD-modificari_legislative.pdf<\/a> <br \/><a href=\"\/upload\/3402\/Rezultate_31_octombrie-_UNIT_2_RMPD_.pdf\">Rezultate_31_octombrie-_UNIT_2_RMPD_.pdf<\/a> <br \/><a href=\"\/upload\/3402\/Prezentare_proiect_UNIT_2_RMPD.pps\">Prezentare_proiect_UNIT_2_RMPD.pps<\/a> <br \/><a href=\"\/upload\/3402\/BROSURA_-UNIT_2_RMPD.pdf\">BROSURA_-UNIT_2_RMPD.pdf<\/a> <br \/><a href=\"\/upload\/3402\/Fisa_de_proiect.pdf\">Fisa_de_proiect_UNIT\u00a0 RMPD.pdf\u00a0<\/a> <br \/><a href=\"\/upload\/3402\/INFORMARE_RMPD-septembrie.pdf\">INFORMARE_RMPD-septembrie.pdf<\/a> <br \/><a href=\"\/upload\/3402\/Raport_activitate_la_31_Decembrie_2020_.pdf\">Raport_activitate_la_31_Decembrie_2020_.pdf<\/a> <br \/><a href=\"\/upload\/3402\/Brosura_electronica_actualizata-_rezultate_31_Decembrie_2020.pps\">Brosura_electronica_actualizata-_rezultate_31_Decembrie_2020.pps<\/a> <\/p>\n<p><\/font><\/p>\n","protected":false},"excerpt":{"rendered":"<p>UNIT 2 RMPD, Ucenicie<\/p>\n","protected":false},"author":0,"featured_media":0,"comment_status":"closed","ping_status":"closed","sticky":false,"template":"","format":"standard","meta":{"footnotes":""},"categories":[20],"tags":[],"class_list":["post-55","post","type-post","status-publish","format-standard","hentry","category-proiecte"],"_links":{"self":[{"href":"https:\/\/www.anofm.ro\/bistrita-nasaud\/wp-json\/wp\/v2\/posts\/55","targetHints":{"allow":["GET"]}}],"collection":[{"href":"https:\/\/www.anofm.ro\/bistrita-nasaud\/wp-json\/wp\/v2\/posts"}],"about":[{"href":"https:\/\/www.anofm.ro\/bistrita-nasaud\/wp-json\/wp\/v2\/types\/post"}],"replies":[{"embeddable":true,"href":"https:\/\/www.anofm.ro\/bistrita-nasaud\/wp-json\/wp\/v2\/comments?post=55"}],"version-history":[{"count":0,"href":"https:\/\/www.anofm.ro\/bistrita-nasaud\/wp-json\/wp\/v2\/posts\/55\/revisions"}],"wp:attachment":[{"href":"https:\/\/www.anofm.ro\/bistrita-nasaud\/wp-json\/wp\/v2\/media?parent=55"}],"wp:term":[{"taxonomy":"category","embeddable":true,"href":"https:\/\/www.anofm.ro\/bistrita-nasaud\/wp-json\/wp\/v2\/categories?post=55"},{"taxonomy":"post_tag","embeddable":true,"href":"https:\/\/www.anofm.ro\/bistrita-nasaud\/wp-json\/wp\/v2\/tags?post=55"}],"curies":[{"name":"wp","href":"https:\/\/api.w.org\/{rel}","templated":true}]}}