{"id":5248,"date":"2025-06-05T09:41:01","date_gmt":"2025-06-05T06:41:01","guid":{"rendered":"https:\/\/www.anofm.ro\/bistrita-nasaud\/?p=5248"},"modified":"2025-06-05T09:41:01","modified_gmt":"2025-06-05T06:41:01","slug":"in-atentia-absolventilor-de-invatamant-promotia-2025","status":"publish","type":"post","link":"https:\/\/www.anofm.ro\/bistrita-nasaud\/in-atentia-absolventilor-de-invatamant-promotia-2025\/","title":{"rendered":"\u00cen aten\u0163ia absolven\u0163ilor de \u00eenv\u0103\u021b\u0103m\u00e2nt, promo\u0163ia 2025"},"content":{"rendered":"\n<p>Absolven\u0163ii de \u00eenv\u0103\u021b\u0103m\u00e2nt promo\u0163ia 2025 sunt a\u015ftepta\u0163i s\u0103 se \u00eenregistreze \u00een eviden\u0163a <strong>Agen\u0163iei Jude\u021bene pentru Ocuparea For\u0163ei de Munc\u0103 Bistri\u0163a \u2013 N\u0103s\u0103ud<\/strong> ca persoane aflate \u00een c\u0103utarea unui loc de munc\u0103.<\/p>\n\n\n\n<div data-wp-interactive=\"core\/file\" class=\"wp-block-file\"><object data-wp-bind--hidden=\"!state.hasPdfPreview\" hidden class=\"wp-block-file__embed\" data=\"https:\/\/www.anofm.ro\/bistrita-nasaud\/wp-content\/uploads\/sites\/7\/2025\/06\/In-atentia-absolventilor-de-invatamant-promotia-2025.pdf\" type=\"application\/pdf\" style=\"width:100%;height:600px\" aria-label=\"\u00cenglobare pentru \u00cen aten\u0163ia absolven\u0163ilor de \u00eenv\u0103\u021b\u0103m\u00e2nt, promo\u0163ia 2025.\"><\/object><a id=\"wp-block-file--media-5a719081-fd97-41bb-8ee1-3d9883c68922\" href=\"https:\/\/www.anofm.ro\/bistrita-nasaud\/wp-content\/uploads\/sites\/7\/2025\/06\/In-atentia-absolventilor-de-invatamant-promotia-2025.pdf\">\u00cen aten\u0163ia absolven\u0163ilor de \u00eenv\u0103\u021b\u0103m\u00e2nt, promo\u0163ia 2025<\/a><a href=\"https:\/\/www.anofm.ro\/bistrita-nasaud\/wp-content\/uploads\/sites\/7\/2025\/06\/In-atentia-absolventilor-de-invatamant-promotia-2025.pdf\" class=\"wp-block-file__button wp-element-button\" download aria-describedby=\"wp-block-file--media-5a719081-fd97-41bb-8ee1-3d9883c68922\">Descarc\u0103<\/a><\/div>\n","protected":false},"excerpt":{"rendered":"<p>Absolven\u0163ii de \u00eenv\u0103\u021b\u0103m\u00e2nt promo\u0163ia 2025 sunt a\u015ftepta\u0163i s\u0103 se \u00eenregistreze \u00een eviden\u0163a Agen\u0163iei Jude\u021bene pentru Ocuparea For\u0163ei de Munc\u0103 Bistri\u0163a \u2013 N\u0103s\u0103ud ca persoane aflate \u00een c\u0103utarea unui loc de<\/p>\n","protected":false},"author":68,"featured_media":0,"comment_status":"closed","ping_status":"closed","sticky":false,"template":"","format":"standard","meta":{"footnotes":""},"categories":[9,32,31],"tags":[],"class_list":["post-5248","post","type-post","status-publish","format-standard","hentry","category-comunicate-de-presa","category-ultimele-noutati","category-ultimele-noutati-slider"],"_links":{"self":[{"href":"https:\/\/www.anofm.ro\/bistrita-nasaud\/wp-json\/wp\/v2\/posts\/5248","targetHints":{"allow":["GET"]}}],"collection":[{"href":"https:\/\/www.anofm.ro\/bistrita-nasaud\/wp-json\/wp\/v2\/posts"}],"about":[{"href":"https:\/\/www.anofm.ro\/bistrita-nasaud\/wp-json\/wp\/v2\/types\/post"}],"author":[{"embeddable":true,"href":"https:\/\/www.anofm.ro\/bistrita-nasaud\/wp-json\/wp\/v2\/users\/68"}],"replies":[{"embeddable":true,"href":"https:\/\/www.anofm.ro\/bistrita-nasaud\/wp-json\/wp\/v2\/comments?post=5248"}],"version-history":[{"count":1,"href":"https:\/\/www.anofm.ro\/bistrita-nasaud\/wp-json\/wp\/v2\/posts\/5248\/revisions"}],"predecessor-version":[{"id":5250,"href":"https:\/\/www.anofm.ro\/bistrita-nasaud\/wp-json\/wp\/v2\/posts\/5248\/revisions\/5250"}],"wp:attachment":[{"href":"https:\/\/www.anofm.ro\/bistrita-nasaud\/wp-json\/wp\/v2\/media?parent=5248"}],"wp:term":[{"taxonomy":"category","embeddable":true,"href":"https:\/\/www.anofm.ro\/bistrita-nasaud\/wp-json\/wp\/v2\/categories?post=5248"},{"taxonomy":"post_tag","embeddable":true,"href":"https:\/\/www.anofm.ro\/bistrita-nasaud\/wp-json\/wp\/v2\/tags?post=5248"}],"curies":[{"name":"wp","href":"https:\/\/api.w.org\/{rel}","templated":true}]}}