{"id":5188,"date":"2025-05-07T13:41:56","date_gmt":"2025-05-07T10:41:56","guid":{"rendered":"https:\/\/www.anofm.ro\/bistrita-nasaud\/?p=5188"},"modified":"2025-05-07T13:42:41","modified_gmt":"2025-05-07T10:42:41","slug":"bursa-generala-a-locurilor-de-munca-23-mai-2025","status":"publish","type":"post","link":"https:\/\/www.anofm.ro\/bistrita-nasaud\/bursa-generala-a-locurilor-de-munca-23-mai-2025\/","title":{"rendered":"Bursa general\u0103 a locurilor de munc\u0103, 23 mai 2025"},"content":{"rendered":"\n<p><strong>Agen\u0163ia Jude\u0163ean\u0103 pentru Ocuparea For\u0163ei de Munc\u0103 Bistri\u0163a \u2013 N\u0103s\u0103ud<\/strong> va organiza \u00een data de 23 mai 2025, \u00eencep\u00e2nd cu ora 10,00, <strong>Bursa General\u0103 a Locurilor de Munc\u0103<\/strong>.<\/p>\n\n\n\n<p>Evenimentul se adreseaz\u0103 tuturor persoanelor aflate \u00een c\u0103utarea unui loc de munc\u0103 sau a celor care doresc s\u0103 se reorienteze profesional spre ocupa\u0163ii cu posibilit\u0103\u0163i de men\u0163inere a raportului de munc\u0103 pe termen mediu \u015fi lung.<\/p>\n\n\n\n<p>Bursa se va desfa\u015fura la sediul institu\u0163iei din Bistri\u0163a, str.Lalelelor, nr.3A, \u00eencep\u00e2nd cu ora 10,00.<\/p>\n\n\n\n<p>Agen\u0163ii economici din jude\u0163ul Bistri\u0163a \u2013 N\u0103s\u0103ud care ofer\u0103 locuri de munc\u0103 vacante se pot adresa la sediul institu\u0163iei noastre din Bistri\u0163a, str.Lalelelor, nr.3A, tel: 0263 \u2013 236296.<\/p>\n\n\n\n<p>Comunicarea locurilor de munc\u0103 vacante se poate face at\u00e2t pe suport de h\u00e2rtie, direct la sediul agen\u0163iei, c\u00e2t \u015fi \u00een format electronic la adresa de mail: <a href=\"mailto:ajofm.bn@anofm.gov.ro\">ajofm.bn@anofm.gov.ro<\/a> .<\/p>\n","protected":false},"excerpt":{"rendered":"<p>Agen\u0163ia Jude\u0163ean\u0103 pentru Ocuparea For\u0163ei de Munc\u0103 Bistri\u0163a \u2013 N\u0103s\u0103ud va organiza \u00een data de 23 mai 2025, \u00eencep\u00e2nd cu ora 10,00, Bursa General\u0103 a Locurilor de Munc\u0103. Evenimentul se<\/p>\n","protected":false},"author":68,"featured_media":5190,"comment_status":"closed","ping_status":"closed","sticky":false,"template":"","format":"standard","meta":{"footnotes":""},"categories":[9,32,31],"tags":[],"class_list":["post-5188","post","type-post","status-publish","format-standard","has-post-thumbnail","hentry","category-comunicate-de-presa","category-ultimele-noutati","category-ultimele-noutati-slider"],"_links":{"self":[{"href":"https:\/\/www.anofm.ro\/bistrita-nasaud\/wp-json\/wp\/v2\/posts\/5188","targetHints":{"allow":["GET"]}}],"collection":[{"href":"https:\/\/www.anofm.ro\/bistrita-nasaud\/wp-json\/wp\/v2\/posts"}],"about":[{"href":"https:\/\/www.anofm.ro\/bistrita-nasaud\/wp-json\/wp\/v2\/types\/post"}],"author":[{"embeddable":true,"href":"https:\/\/www.anofm.ro\/bistrita-nasaud\/wp-json\/wp\/v2\/users\/68"}],"replies":[{"embeddable":true,"href":"https:\/\/www.anofm.ro\/bistrita-nasaud\/wp-json\/wp\/v2\/comments?post=5188"}],"version-history":[{"count":1,"href":"https:\/\/www.anofm.ro\/bistrita-nasaud\/wp-json\/wp\/v2\/posts\/5188\/revisions"}],"predecessor-version":[{"id":5189,"href":"https:\/\/www.anofm.ro\/bistrita-nasaud\/wp-json\/wp\/v2\/posts\/5188\/revisions\/5189"}],"wp:featuredmedia":[{"embeddable":true,"href":"https:\/\/www.anofm.ro\/bistrita-nasaud\/wp-json\/wp\/v2\/media\/5190"}],"wp:attachment":[{"href":"https:\/\/www.anofm.ro\/bistrita-nasaud\/wp-json\/wp\/v2\/media?parent=5188"}],"wp:term":[{"taxonomy":"category","embeddable":true,"href":"https:\/\/www.anofm.ro\/bistrita-nasaud\/wp-json\/wp\/v2\/categories?post=5188"},{"taxonomy":"post_tag","embeddable":true,"href":"https:\/\/www.anofm.ro\/bistrita-nasaud\/wp-json\/wp\/v2\/tags?post=5188"}],"curies":[{"name":"wp","href":"https:\/\/api.w.org\/{rel}","templated":true}]}}