{"id":5037,"date":"2025-03-24T15:35:00","date_gmt":"2025-03-24T13:35:00","guid":{"rendered":"https:\/\/www.anofm.ro\/bistrita-nasaud\/?p=5037"},"modified":"2025-03-24T15:35:19","modified_gmt":"2025-03-24T13:35:19","slug":"348-rata-somajului-inregistrat-in-evidentele-ajofm-bistrita-nasaud-in-luna-februarie-2025","status":"publish","type":"post","link":"https:\/\/www.anofm.ro\/bistrita-nasaud\/348-rata-somajului-inregistrat-in-evidentele-ajofm-bistrita-nasaud-in-luna-februarie-2025\/","title":{"rendered":"3,48% &#8211;\u00a0 rata \u015fomajului \u00eenregistrat \u00een eviden\u0163ele AJOFM Bistri\u0163a \u2013 N\u0103s\u0103ud \u00een luna februarie 2025"},"content":{"rendered":"\n<div data-wp-interactive=\"core\/file\" class=\"wp-block-file\"><object data-wp-bind--hidden=\"!state.hasPdfPreview\" hidden class=\"wp-block-file__embed\" data=\"https:\/\/www.anofm.ro\/bistrita-nasaud\/wp-content\/uploads\/sites\/7\/2025\/03\/Rata-somajului-luna-februarie-anul-2025-AJOFM-BN.pdf\" type=\"application\/pdf\" style=\"width:100%;height:600px\" aria-label=\"\u00cenglobare pentru Rata somajului luna februarie anul 2025 AJOFM BN.\"><\/object><a id=\"wp-block-file--media-ab4ad24d-26c3-4768-8ade-30e2ff8cc3af\" href=\"https:\/\/www.anofm.ro\/bistrita-nasaud\/wp-content\/uploads\/sites\/7\/2025\/03\/Rata-somajului-luna-februarie-anul-2025-AJOFM-BN.pdf\">Rata somajului luna februarie anul 2025 AJOFM BN<\/a><a href=\"https:\/\/www.anofm.ro\/bistrita-nasaud\/wp-content\/uploads\/sites\/7\/2025\/03\/Rata-somajului-luna-februarie-anul-2025-AJOFM-BN.pdf\" class=\"wp-block-file__button wp-element-button\" download aria-describedby=\"wp-block-file--media-ab4ad24d-26c3-4768-8ade-30e2ff8cc3af\">Descarc\u0103<\/a><\/div>\n","protected":false},"excerpt":{"rendered":"","protected":false},"author":68,"featured_media":0,"comment_status":"closed","ping_status":"closed","sticky":false,"template":"","format":"standard","meta":{"footnotes":""},"categories":[9,32,31],"tags":[],"class_list":["post-5037","post","type-post","status-publish","format-standard","hentry","category-comunicate-de-presa","category-ultimele-noutati","category-ultimele-noutati-slider"],"_links":{"self":[{"href":"https:\/\/www.anofm.ro\/bistrita-nasaud\/wp-json\/wp\/v2\/posts\/5037","targetHints":{"allow":["GET"]}}],"collection":[{"href":"https:\/\/www.anofm.ro\/bistrita-nasaud\/wp-json\/wp\/v2\/posts"}],"about":[{"href":"https:\/\/www.anofm.ro\/bistrita-nasaud\/wp-json\/wp\/v2\/types\/post"}],"author":[{"embeddable":true,"href":"https:\/\/www.anofm.ro\/bistrita-nasaud\/wp-json\/wp\/v2\/users\/68"}],"replies":[{"embeddable":true,"href":"https:\/\/www.anofm.ro\/bistrita-nasaud\/wp-json\/wp\/v2\/comments?post=5037"}],"version-history":[{"count":1,"href":"https:\/\/www.anofm.ro\/bistrita-nasaud\/wp-json\/wp\/v2\/posts\/5037\/revisions"}],"predecessor-version":[{"id":5039,"href":"https:\/\/www.anofm.ro\/bistrita-nasaud\/wp-json\/wp\/v2\/posts\/5037\/revisions\/5039"}],"wp:attachment":[{"href":"https:\/\/www.anofm.ro\/bistrita-nasaud\/wp-json\/wp\/v2\/media?parent=5037"}],"wp:term":[{"taxonomy":"category","embeddable":true,"href":"https:\/\/www.anofm.ro\/bistrita-nasaud\/wp-json\/wp\/v2\/categories?post=5037"},{"taxonomy":"post_tag","embeddable":true,"href":"https:\/\/www.anofm.ro\/bistrita-nasaud\/wp-json\/wp\/v2\/tags?post=5037"}],"curies":[{"name":"wp","href":"https:\/\/api.w.org\/{rel}","templated":true}]}}