{"id":50,"date":"2018-12-03T00:00:00","date_gmt":"2018-12-02T22:00:00","guid":{"rendered":"https:\/\/www.anofm.ro\/bistrita-nasaud\/bursa-locurilor-de-munca-privind-integrarea-sociala-si-ocuparea-persoanelor-cu-dizabilitati-2\/"},"modified":"2018-12-03T00:00:00","modified_gmt":"2018-12-02T22:00:00","slug":"bursa-locurilor-de-munca-privind-integrarea-sociala-si-ocuparea-persoanelor-cu-dizabilitati-2","status":"publish","type":"post","link":"https:\/\/www.anofm.ro\/bistrita-nasaud\/bursa-locurilor-de-munca-privind-integrarea-sociala-si-ocuparea-persoanelor-cu-dizabilitati-2\/","title":{"rendered":"Bursa locurilor de munc\u0103 privind integrarea social\u0103 \u0219i ocuparea persoanelor cu dizabilit\u0103\u021bi"},"content":{"rendered":"<p class=\"MsoNormal\" style=\"margin-left:0in;text-align:center\" align=\"center\"><b><span>POT<br \/>\nCE PO\u021aI \u0218I TU, ANGAJEAZ\u0102-M\u0102!<\/span><\/b><\/p>\n<p class=\"MsoNormal\" style=\"margin-left:0in\"><span>\u00a0<\/span><\/p>\n<p class=\"MsoNormal\" style=\"margin-left:56.7pt\"><span>Ast<\/span><span lang=\"RO\">\u0103<\/span><span>zi, 3 decembrie 2018 este ziua<br \/>\ninterna\u021bional\u0103 a persoanelor cu dizabilit\u0103\u021bi<b>. <\/b><\/span>\u00cen acest sens,<b> <\/b>Agen\u0163ia Jude\u0163ean\u0103 pentru Ocuparea<br \/>\nFor\u0163ei de Munc\u0103 Bistri\u0163a \u2013 N\u0103s\u0103ud a organizat la \u0218coala Profesional\u0103 Special\u0103<br \/>\n\u201cSf\u00e2nta Maria\u201d din Bistri\u021ba, \u201cBursa locurilor de munc\u0103 privind integrarea<br \/>\nsocial\u0103 \u0219i ocuparea persoanelor cu dizabilit\u0103\u021bi\u201d.<\/p>\n<p class=\"MsoNormal\" style=\"margin-left:56.7pt\">Au fost prezen\u0163i<br \/>\n9 agen\u0163i economici care au oferit 21 locuri de munc\u0103 vacante \u00een urm\u0103toarele<br \/>\nmeserii: operator ma\u015fini-unelte, sudor, l\u0103c\u0103tu\u015f mecanic, confec\u0163ioner t\u00e2mplarie,<br \/>\ngestionar depozit, operator prelucrare mase plastice, reglor la ma\u015fini<br \/>\nprelucrare mase plastice, stivuitorist, electrician, muncitor produse panifica\u0163ie,<br \/>\nambalator manual, muncitor necalificat, etc.<\/p>\n<p class=\"MsoNormal\" style=\"margin-left:56.7pt\"><span>Angajatorii<br \/>\ncare \u00eencadreaz\u0103 \u00een munc\u0103 persoane cu handicap pe perioad\u0103 nedeterminat\u0103<br \/>\nbeneficiaz\u0103 din partea AJOFM Bistri\u0163a \u2013 N\u0103s\u0103ud de subven\u0163ii, potrivit art.80 \u015fi<br \/>\n85 din Legea nr. 76\/2002 privind asigur\u0103rile pentru \u0219omaj \u0219i stimularea<br \/>\nocup\u0103rii for\u021bei de munc\u0103.<span>\u00a0 <\/span><\/span><\/p>\n<p class=\"MsoNormal\" style=\"margin-left:56.7pt\"><span>Subven\u021bia<br \/>\nlunar\u0103 se acorda pe o perioad\u0103 de 12 luni, conform art. 85 \u015fi 18 luni conform<br \/>\nart.80, <span>\u00a0<\/span>cu condi\u021bia men\u021binerii \u00een<br \/>\nactivitate a persoanelor cu handicap cel pu\u021bin 18 luni de la data angaj\u0103rii \u015fi<br \/>\neste \u00een valoare de 2.250 de lei.<\/span><\/p>\n<p class=\"MsoNormal\" style=\"margin-left:56.7pt\"><span>P\u00e2n\u0103<br \/>\nla aceast\u0103 dat\u0103, AJOFM Bistri\u0163a \u2013 N\u0103s\u0103ud a acordat subventii pentru \u00eencadrarea<br \/>\na 2 persoane cu handicap \u00een condi\u0163iile art. 80 \u015fi pentru \u00eencadrarea a 5<br \/>\npersoane cu handicap \u00een condi\u0163iile art. 85 din Legea nr. 76\/2002, cu modific\u0103rile<br \/>\n\u015fi complet\u0103rile ulterioare. <\/span><\/p>\n<p class=\"MsoNormal\" style=\"margin-left:56.7pt\"><span>La<br \/>\nac\u0163iunea de ast\u0103zi au participat 26 de persoane cu handicap, precum \u015fi elevi ai<br \/>\n<\/span>\u0218colii Profesionale Speciale \u201cSf\u00e2nta Maria\u201d, reprezentan\u0163i ai DGASPS<br \/>\nBistri\u0163a &#8211; N\u0103s\u0103ud \u015fi membrii Consiliului Consultativ al AJOFM Bistri\u0163a \u2013 N\u0103s\u0103ud.<\/p>\n<p><\/p>\n<p><img decoding=\"async\" src=\"upload\/3064\/DSC00437_1.JPG\" width=\"300\" align=\"left\">\u00a0\u00a0\u00a0\u00a0\u00a0\u00a0\u00a0\u00a0\u00a0\u00a0\u00a0\u00a0\u00a0\u00a0\u00a0\u00a0\u00a0\u00a0\u00a0 <img decoding=\"async\" src=\"upload\/3064\/DSC00439.JPG\" width=\"300\">\u00a0\u00a0\u00a0\u00a0\u00a0\u00a0\u00a0\u00a0\u00a0\u00a0\u00a0\u00a0\u00a0\u00a0\u00a0\u00a0\u00a0\u00a0\u00a0\u00a0 <img decoding=\"async\" src=\"upload\/3064\/DSC00442.JPG\" width=\"300\">\u00a0\u00a0\u00a0\u00a0\u00a0\u00a0\u00a0\u00a0\u00a0\u00a0\u00a0\u00a0\u00a0\u00a0\u00a0\u00a0\u00a0\u00a0\u00a0\u00a0 <img decoding=\"async\" src=\"upload\/3064\/DSC00443.JPG\" width=\"300\"><\/p>\n","protected":false},"excerpt":{"rendered":"<p>Bursa dizabilitati<\/p>\n","protected":false},"author":0,"featured_media":0,"comment_status":"closed","ping_status":"closed","sticky":false,"template":"","format":"standard","meta":{"footnotes":""},"categories":[6],"tags":[],"class_list":["post-50","post","type-post","status-publish","format-standard","hentry","category-burse-ale-locurilor-de-munca"],"_links":{"self":[{"href":"https:\/\/www.anofm.ro\/bistrita-nasaud\/wp-json\/wp\/v2\/posts\/50","targetHints":{"allow":["GET"]}}],"collection":[{"href":"https:\/\/www.anofm.ro\/bistrita-nasaud\/wp-json\/wp\/v2\/posts"}],"about":[{"href":"https:\/\/www.anofm.ro\/bistrita-nasaud\/wp-json\/wp\/v2\/types\/post"}],"replies":[{"embeddable":true,"href":"https:\/\/www.anofm.ro\/bistrita-nasaud\/wp-json\/wp\/v2\/comments?post=50"}],"version-history":[{"count":0,"href":"https:\/\/www.anofm.ro\/bistrita-nasaud\/wp-json\/wp\/v2\/posts\/50\/revisions"}],"wp:attachment":[{"href":"https:\/\/www.anofm.ro\/bistrita-nasaud\/wp-json\/wp\/v2\/media?parent=50"}],"wp:term":[{"taxonomy":"category","embeddable":true,"href":"https:\/\/www.anofm.ro\/bistrita-nasaud\/wp-json\/wp\/v2\/categories?post=50"},{"taxonomy":"post_tag","embeddable":true,"href":"https:\/\/www.anofm.ro\/bistrita-nasaud\/wp-json\/wp\/v2\/tags?post=50"}],"curies":[{"name":"wp","href":"https:\/\/api.w.org\/{rel}","templated":true}]}}