{"id":4557,"date":"2025-01-21T11:34:54","date_gmt":"2025-01-21T09:34:54","guid":{"rendered":"https:\/\/www.anofm.ro\/bistrita-nasaud\/?p=4557"},"modified":"2025-01-21T11:34:54","modified_gmt":"2025-01-21T09:34:54","slug":"programe-de-formare-profesionala-organizate-de-a-j-o-f-m-bistrita-nasaud-in-lunile-ianuarie-si-februarie-2025","status":"publish","type":"post","link":"https:\/\/www.anofm.ro\/bistrita-nasaud\/programe-de-formare-profesionala-organizate-de-a-j-o-f-m-bistrita-nasaud-in-lunile-ianuarie-si-februarie-2025\/","title":{"rendered":"Programe de formare profesional\u0103 organizate de A.J.O.F.M. Bistri\u0163a &#8211; N\u0103s\u0103ud \u00een lunile ianuarie \u0219i februarie 2025"},"content":{"rendered":"\n<p><strong>Agen\u0163ia Jude\u0163ean\u0103 pentru Ocuparea For\u0163ei de Munc\u0103 Bistri\u0163a \u2013 N\u0103s\u0103ud <\/strong>vaorganiza \u00een acest an, prin Centrul propriu de Formare Profesional\u0103, programe de formare profesional\u0103 gratuite pentru persoanele aflate \u00een c\u0103utarea unui loc de munc\u0103 (\u015fomeri indemniza\u0163i \u015fi neindemniza\u0163i).<\/p>\n\n\n\n<p>\u00cen cursul lunilor ianuarie \u0219i februarie, se vor derula prin C.F.P. Bistri\u0163a 7 programe de formare profesional\u0103 \u00een ocupa\u021biile: \u201cCoafor\u201d, \u201cCompeten\u0163e digitale de utilizare a tehnologiei informa\u0163iei ca instrument de \u00eenv\u0103\u0163are \u015fi cunoa\u015ftere\u201d, &nbsp;\u201cCompeten\u0163e de comunicare \u00een limba englez\u0103\u201d, &nbsp;\u201cInstalator instala\u0163ii tehnico sanitare \u015fi de gaze\u201d, &nbsp;\u201c\u00cengrijitor spa\u0163ii verzi\u201d, &nbsp;\u201cLucr\u0103tor&nbsp; \u00een cultura plantelor\u201d \u0219i \u201cResponsabil cu protec\u021bia datelor cu caracter personal\u201d.<\/p>\n\n\n\n<p>\u00cen anul 2024, AJOFM Bistri\u0163a-N\u0103s\u0103ud a organizat 30 programe de formare profesional\u0103, la care au fost cuprinsi 518 \u0219omeri, 27 persoane private de libertate si 24 persoane platitoare.<\/p>\n\n\n\n<p>Documentele necesare pentru \u00eenscrierea la un program de formare profesionala sunt: &#8211; cartea de identitate, &#8211; certificat de na\u0219tere\/c\u0103s\u0103torie (dac\u0103 e cazul) \u0219i &#8211; diploma\/adeverin\u021ba de studii.<\/p>\n\n\n\n<p>Serviciile de formare profesional\u0103 asigur\u0103 cre\u015fterea \u015fi diversificarea competen\u021belor<\/p>\n\n\n\n<p>profesionale \u00een scopul asigur\u0103rii mobilit\u0103\u0163ii \u015fi reintegr\u0103rii pe pia\u0163a muncii.<\/p>\n\n\n\n<p>Programele de formare profesionala asigur\u0103 gratuitate \u00een urm\u0103toarele situa\u021bii:<\/p>\n\n\n\n<p>&#8211; \u0219omeri (indemniza\u021bi \u0219i neindemniza\u021bi);<\/p>\n\n\n\n<p>&#8211; absolven\u021bi ai institu\u021biilor de \u00eenv\u0103\u021b\u0103m\u00e2nt;<\/p>\n\n\n\n<p>&#8211; persoane care au ob\u0163inut statutul de refugiat sau beneficiaz\u0103 de alt\u0103 form\u0103 de protec\u0163ie interna\u0163ional\u0103, conform legii, sau se afl\u0103 \u00een procedura de solu\u0163ionare a cererii de azil \u015fi au acces pe pia\u0163a muncii;<\/p>\n\n\n\n<p>&#8211; cet\u0103\u0163eni str\u0103ini sau apatrizi care au fost \u00eencadra\u0163i \u00een munc\u0103 sau au realizat venituri<\/p>\n\n\n\n<p>\u00een Rom\u00e2nia sau care au drept de munc\u0103 pe teritoriul Rom\u00e2niei;<\/p>\n\n\n\n<p>&#8211; persoane care nu au putut ocupa loc de munc\u0103 dup\u0103 repatriere sau dup\u0103 eliberarea din deten\u0163ie;<\/p>\n\n\n\n<p>&#8211; persoane care desf\u0103\u015foar\u0103 activit\u0103\u0163i \u00een mediul rural \u015fi nu realizeaz\u0103 venituri lunare sau realizeaz\u0103 venituri mai mici dec\u00e2t valoarea indicatorului social de referin\u0163\u0103 \u00een vigoare.<\/p>\n\n\n\n<p>Toate persoanele interesate s\u0103 urmeze aceste programe de formare profesional\u0103 sunt invitate s\u0103 se \u00eenscrie la sediul Centrului de Formare Profesional\u0103 din Bistri\u0163a, strada Lalelelor, nr. 3A, telefon 0263 \u2013 236296, interior 216.<\/p>\n","protected":false},"excerpt":{"rendered":"<p>Agen\u0163ia Jude\u0163ean\u0103 pentru Ocuparea For\u0163ei de Munc\u0103 Bistri\u0163a \u2013 N\u0103s\u0103ud vaorganiza \u00een acest an, prin Centrul propriu de Formare Profesional\u0103, programe de formare profesional\u0103 gratuite pentru persoanele aflate \u00een c\u0103utarea<\/p>\n","protected":false},"author":68,"featured_media":4558,"comment_status":"closed","ping_status":"closed","sticky":false,"template":"","format":"standard","meta":{"footnotes":""},"categories":[9,32,31],"tags":[],"class_list":["post-4557","post","type-post","status-publish","format-standard","has-post-thumbnail","hentry","category-comunicate-de-presa","category-ultimele-noutati","category-ultimele-noutati-slider"],"_links":{"self":[{"href":"https:\/\/www.anofm.ro\/bistrita-nasaud\/wp-json\/wp\/v2\/posts\/4557","targetHints":{"allow":["GET"]}}],"collection":[{"href":"https:\/\/www.anofm.ro\/bistrita-nasaud\/wp-json\/wp\/v2\/posts"}],"about":[{"href":"https:\/\/www.anofm.ro\/bistrita-nasaud\/wp-json\/wp\/v2\/types\/post"}],"author":[{"embeddable":true,"href":"https:\/\/www.anofm.ro\/bistrita-nasaud\/wp-json\/wp\/v2\/users\/68"}],"replies":[{"embeddable":true,"href":"https:\/\/www.anofm.ro\/bistrita-nasaud\/wp-json\/wp\/v2\/comments?post=4557"}],"version-history":[{"count":1,"href":"https:\/\/www.anofm.ro\/bistrita-nasaud\/wp-json\/wp\/v2\/posts\/4557\/revisions"}],"predecessor-version":[{"id":4559,"href":"https:\/\/www.anofm.ro\/bistrita-nasaud\/wp-json\/wp\/v2\/posts\/4557\/revisions\/4559"}],"wp:featuredmedia":[{"embeddable":true,"href":"https:\/\/www.anofm.ro\/bistrita-nasaud\/wp-json\/wp\/v2\/media\/4558"}],"wp:attachment":[{"href":"https:\/\/www.anofm.ro\/bistrita-nasaud\/wp-json\/wp\/v2\/media?parent=4557"}],"wp:term":[{"taxonomy":"category","embeddable":true,"href":"https:\/\/www.anofm.ro\/bistrita-nasaud\/wp-json\/wp\/v2\/categories?post=4557"},{"taxonomy":"post_tag","embeddable":true,"href":"https:\/\/www.anofm.ro\/bistrita-nasaud\/wp-json\/wp\/v2\/tags?post=4557"}],"curies":[{"name":"wp","href":"https:\/\/api.w.org\/{rel}","templated":true}]}}