{"id":40,"date":"2018-11-15T00:00:00","date_gmt":"2018-11-14T22:00:00","guid":{"rendered":"https:\/\/www.anofm.ro\/bistrita-nasaud\/agenda-conducerii-ajofm-bistrita-nasaud\/"},"modified":"2018-11-15T00:00:00","modified_gmt":"2018-11-14T22:00:00","slug":"agenda-conducerii-ajofm-bistrita-nasaud","status":"publish","type":"post","link":"https:\/\/www.anofm.ro\/bistrita-nasaud\/agenda-conducerii-ajofm-bistrita-nasaud\/","title":{"rendered":"Agenda conducerii AJOFM Bistri\u0163a &#8211; N\u0103s\u0103ud"},"content":{"rendered":"<p><span>Conducerea<br \/>\nAJOFM Bistri\u0163a \u2013 N\u0103s\u0103ud desf\u0103\u015foar\u0103 zilnic activit\u0103\u0163i specifice pie\u0163ei muncii,<br \/>\nparticip\u00e2nd periodic la \u00eent\u00e2lniri cu reprezentan\u0163ii autorit\u0103tilor publice<br \/>\nlocale, cu angajatorii din jude\u0163 \u015fi cu reprezentan\u0163ii partenerilor sociali \u015fi<br \/>\nai mass-mediei locale.<\/span><span><\/p>\n<p>Aceste<br \/>\n\u00eent\u00e2lniri au ca scop promovarea programelor pentru stimularea ocup\u0103rii for\u0163ei<br \/>\nde munc\u0103, facilitarea accesului persoanelor aflate \u00een c\u0103utarea unui loc de munc\u0103<br \/>\npe pia\u0163a muncii, precum \u015fi dezvoltarea de proiecte \u015fi strategii \u00een sprijinul<br \/>\nintegr\u0103rii pe pe pia\u0163a muncii a persoanelor defavorizate.<\/p>\n<\/p>\n<table width=\"nullnull\" cellspacing=\"1\" cellpadding=\"2\" border=\"1\" align=\"null\">\n<tbody>\n<tr>\n<td>\n<table class=\"MsoNormalTable\" style=\"margin-left:.5in;border-collapse:collapse;border:none\" cellspacing=\"0\" cellpadding=\"0\" border=\"1\">\n<tbody>\n<tr>\n<td style=\"width:59.4pt;border:solid windowtext 1.0pt;padding:0in 5.4pt 0in 5.4pt\" width=\"79\" valign=\"top\">\n<p class=\"MsoNormal\" style=\"margin:0in;margin-bottom:.0001pt;text-align:left\" align=\"left\"><b><span>Nr.crt.<\/span><\/b><\/p>\n<\/td>\n<td style=\"width:284.3pt;border:solid windowtext 1.0pt;border-left:none;padding:0in 5.4pt 0in 5.4pt\" width=\"379\" valign=\"top\">\n<p class=\"MsoNormal\" style=\"margin:0in;margin-bottom:.0001pt;text-align:left\" align=\"left\"><b><span>Activitatea<\/span><\/b><\/p>\n<\/td>\n<td style=\"width:169.75pt;border:solid windowtext 1.0pt;border-left:none;padding:0in 5.4pt 0in 5.4pt\" width=\"226\" valign=\"top\">\n<p class=\"MsoNormal\" style=\"margin:0in;margin-bottom:.0001pt;text-align:left\" align=\"left\"><b><span>Data<\/span><\/b><\/p>\n<\/td>\n<\/tr>\n<tr>\n<td style=\"width:59.4pt;border:solid windowtext 1.0pt;border-top:none;padding:0in 5.4pt 0in 5.4pt\" width=\"79\" valign=\"top\">\n<p class=\"MsoNormal\" style=\"margin:0in;margin-bottom:.0001pt;text-align:left\" align=\"left\"><span>1.<\/span><\/p>\n<\/td>\n<td style=\"width:284.3pt;border-top:none;border-left:  none;border-bottom:solid windowtext 1.0pt;border-right:solid windowtext 1.0pt;padding:0in 5.4pt 0in 5.4pt\" width=\"379\" valign=\"top\">\n<p class=\"MsoNormal\" style=\"margin:0in;margin-bottom:.0001pt;text-align:left\" align=\"left\"><span>\u015eedin\u0163a Colegiului Prefectural al jude\u0163ului<br \/>\n  Bistri\u0163a &#8211; N\u0103s\u0103ud<\/span><\/p>\n<\/td>\n<td style=\"width:169.75pt;border-top:none;border-left:  none;border-bottom:solid windowtext 1.0pt;border-right:solid windowtext 1.0pt;padding:0in 5.4pt 0in 5.4pt\" width=\"226\" valign=\"top\">\n<p class=\"MsoNormal\" style=\"margin:0in;margin-bottom:.0001pt;text-align:left\" align=\"left\"><span>lunar<\/span><\/p>\n<\/td>\n<\/tr>\n<tr>\n<td style=\"width:59.4pt;border:solid windowtext 1.0pt;border-top:none;padding:0in 5.4pt 0in 5.4pt\" width=\"79\" valign=\"top\">\n<p class=\"MsoNormal\" style=\"margin:0in;margin-bottom:.0001pt;text-align:left\" align=\"left\"><span>2.<\/span><\/p>\n<\/td>\n<td style=\"width:284.3pt;border-top:none;border-left:  none;border-bottom:solid windowtext 1.0pt;border-right:solid windowtext 1.0pt;padding:0in 5.4pt 0in 5.4pt\" width=\"379\" valign=\"top\">\n<p class=\"MsoNormal\" style=\"margin:0in;margin-bottom:.0001pt;text-align:left\" align=\"left\"><span>\u015eedin\u0163a Comisiei de Dialog Social<\/span><\/p>\n<p class=\"MsoNormal\" style=\"margin:0in;margin-bottom:.0001pt;text-align:left\" align=\"left\"><span>\u00a0<\/span><\/p>\n<\/td>\n<td style=\"width:169.75pt;border-top:none;border-left:  none;border-bottom:solid windowtext 1.0pt;border-right:solid windowtext 1.0pt;padding:0in 5.4pt 0in 5.4pt\" width=\"226\" valign=\"top\">\n<p class=\"MsoNormal\" style=\"margin:0in;margin-bottom:.0001pt;text-align:left\" align=\"left\"><span>lunar<\/span><\/p>\n<\/td>\n<\/tr>\n<tr>\n<td style=\"width:59.4pt;border:solid windowtext 1.0pt;border-top:none;padding:0in 5.4pt 0in 5.4pt\" width=\"79\" valign=\"top\">\n<p class=\"MsoNormal\" style=\"margin:0in;margin-bottom:.0001pt;text-align:left\" align=\"left\"><span>3.<\/span><\/p>\n<\/td>\n<td style=\"width:284.3pt;border-top:none;border-left:  none;border-bottom:solid windowtext 1.0pt;border-right:solid windowtext 1.0pt;padding:0in 5.4pt 0in 5.4pt\" width=\"379\" valign=\"top\">\n<p class=\"MsoNormal\" style=\"margin:0in;margin-bottom:.0001pt;text-align:left\" align=\"left\"><span>\u015eedin\u0163a grupului mixt de lucru pentru Incluziunea Romilor<\/span><\/p>\n<\/td>\n<td style=\"width:169.75pt;border-top:none;border-left:  none;border-bottom:solid windowtext 1.0pt;border-right:solid windowtext 1.0pt;padding:0in 5.4pt 0in 5.4pt\" width=\"226\" valign=\"top\">\n<p class=\"MsoNormal\" style=\"margin:0in;margin-bottom:.0001pt;text-align:left\" align=\"left\"><span>periodic<\/span><\/p>\n<\/td>\n<\/tr>\n<tr>\n<td style=\"width:59.4pt;border:solid windowtext 1.0pt;border-top:none;padding:0in 5.4pt 0in 5.4pt\" width=\"79\" valign=\"top\">\n<p class=\"MsoNormal\" style=\"margin:0in;margin-bottom:.0001pt;text-align:left\" align=\"left\"><span>4.<\/span><\/p>\n<\/td>\n<td style=\"width:284.3pt;border-top:none;border-left:  none;border-bottom:solid windowtext 1.0pt;border-right:solid windowtext 1.0pt;padding:0in 5.4pt 0in 5.4pt\" width=\"379\" valign=\"top\">\n<p class=\"MsoNormal\" style=\"margin:0in;margin-bottom:.0001pt;text-align:left\" align=\"left\"><span>\u015eedin\u0163a Comisiei jude\u0163ene pentru Implementarea<br \/>\n  Programului Opera\u0163ional \u2013 Ajutorarea Persoanelor Defavorizate<\/span><\/p>\n<\/td>\n<td style=\"width:169.75pt;border-top:none;border-left:  none;border-bottom:solid windowtext 1.0pt;border-right:solid windowtext 1.0pt;padding:0in 5.4pt 0in 5.4pt\" width=\"226\" valign=\"top\">\n<p class=\"MsoNormal\" style=\"margin:0in;margin-bottom:.0001pt;text-align:left\" align=\"left\"><span>periodic<\/span><\/p>\n<\/td>\n<\/tr>\n<tr>\n<td style=\"width:59.4pt;border:solid windowtext 1.0pt;border-top:none;padding:0in 5.4pt 0in 5.4pt\" width=\"79\" valign=\"top\">\n<p class=\"MsoNormal\" style=\"margin:0in;margin-bottom:.0001pt;text-align:left\" align=\"left\"><span>5<\/span><\/p>\n<\/td>\n<td style=\"width:284.3pt;border-top:none;border-left:  none;border-bottom:solid windowtext 1.0pt;border-right:solid windowtext 1.0pt;padding:0in 5.4pt 0in 5.4pt\" width=\"379\" valign=\"top\">\n<p class=\"MsoNormal\" style=\"margin:0in;margin-bottom:.0001pt;text-align:left\" align=\"left\"><span>\u015eedin\u0163a Comisiei jude\u0163ene de Incluziune Social\u0103<\/span><\/p>\n<p class=\"MsoNormal\" style=\"margin:0in;margin-bottom:.0001pt;text-align:left\" align=\"left\"><span>\u00a0<\/span><\/p>\n<\/td>\n<td style=\"width:169.75pt;border-top:none;border-left:  none;border-bottom:solid windowtext 1.0pt;border-right:solid windowtext 1.0pt;padding:0in 5.4pt 0in 5.4pt\" width=\"226\" valign=\"top\">\n<p class=\"MsoNormal\" style=\"margin:0in;margin-bottom:.0001pt;text-align:left\" align=\"left\"><span>periodic<\/span><\/p>\n<\/td>\n<\/tr>\n<tr>\n<td style=\"width:59.4pt;border:solid windowtext 1.0pt;border-top:none;padding:0in 5.4pt 0in 5.4pt\" width=\"79\" valign=\"top\">\n<p class=\"MsoNormal\" style=\"margin:0in;margin-bottom:.0001pt;text-align:left\" align=\"left\"><span>6.<\/span><\/p>\n<\/td>\n<td style=\"width:284.3pt;border-top:none;border-left:  none;border-bottom:solid windowtext 1.0pt;border-right:solid windowtext 1.0pt;padding:0in 5.4pt 0in 5.4pt\" width=\"379\" valign=\"top\">\n<p class=\"MsoNormal\" style=\"margin:0in;margin-bottom:.0001pt;text-align:left\" align=\"left\"><span>\u00cent\u00e2lniri de lucru \u00een cadrul Comitetului Local de<br \/>\n  Dezvoltare al Parteneriatului Social organizate de Inspectoratul \u015ecolar<br \/>\n  Bistri\u0163a-N\u0103s\u0103ud<\/span><\/p>\n<\/td>\n<td style=\"width:169.75pt;border-top:none;border-left:  none;border-bottom:solid windowtext 1.0pt;border-right:solid windowtext 1.0pt;padding:0in 5.4pt 0in 5.4pt\" width=\"226\" valign=\"top\">\n<p class=\"MsoNormal\" style=\"margin:0in;margin-bottom:.0001pt;text-align:left\" align=\"left\"><span>periodic<\/span><\/p>\n<\/td>\n<\/tr>\n<tr>\n<td style=\"width:59.4pt;border:solid windowtext 1.0pt;border-top:none;padding:0in 5.4pt 0in 5.4pt\" width=\"79\" valign=\"top\">\n<p class=\"MsoNormal\" style=\"margin:0in;margin-bottom:.0001pt;text-align:left\" align=\"left\"><span>7.<\/span><\/p>\n<\/td>\n<td style=\"width:284.3pt;border-top:none;border-left:  none;border-bottom:solid windowtext 1.0pt;border-right:solid windowtext 1.0pt;padding:0in 5.4pt 0in 5.4pt\" width=\"379\" valign=\"top\">\n<p class=\"MsoNormal\" style=\"margin:0in;margin-bottom:.0001pt;text-align:left\" align=\"left\"><span>\u015eedin\u0163a de lucru la Primaria Bistri\u0163a \u00een cadrul<br \/>\n  proiectului RetaiLink<\/span><\/p>\n<\/td>\n<td style=\"width:169.75pt;border-top:none;border-left:  none;border-bottom:solid windowtext 1.0pt;border-right:solid windowtext 1.0pt;padding:0in 5.4pt 0in 5.4pt\" width=\"226\" valign=\"top\">\n<p class=\"MsoNormal\" style=\"margin:0in;margin-bottom:.0001pt;text-align:left\" align=\"left\"><span>periodic<\/span><\/p>\n<\/td>\n<\/tr>\n<tr>\n<td style=\"width:59.4pt;border:solid windowtext 1.0pt;border-top:none;padding:0in 5.4pt 0in 5.4pt\" width=\"79\" valign=\"top\">\n<p class=\"MsoNormal\" style=\"margin:0in;margin-bottom:.0001pt;text-align:left\" align=\"left\"><span>8.<\/span><\/p>\n<\/td>\n<td style=\"width:284.3pt;border-top:none;border-left:  none;border-bottom:solid windowtext 1.0pt;border-right:solid windowtext 1.0pt;padding:0in 5.4pt 0in 5.4pt\" width=\"379\" valign=\"top\">\n<p class=\"MsoNormal\" style=\"margin:0in;margin-bottom:.0001pt;text-align:left\" align=\"left\"><span>\u015eedin\u0163e operative \u00een cadrul agen\u0163iei \u00een func\u0163ie de<br \/>\n  specificul problemelor<\/span><\/p>\n<\/td>\n<td style=\"width:169.75pt;border-top:none;border-left:  none;border-bottom:solid windowtext 1.0pt;border-right:solid windowtext 1.0pt;padding:0in 5.4pt 0in 5.4pt\" width=\"226\" valign=\"top\">\n<p class=\"MsoNormal\" style=\"margin:0in;margin-bottom:.0001pt;text-align:left\" align=\"left\"><span>zilnic<\/span><\/p>\n<\/td>\n<\/tr>\n<tr>\n<td style=\"width:59.4pt;border:solid windowtext 1.0pt;border-top:none;padding:0in 5.4pt 0in 5.4pt\" width=\"79\" valign=\"top\">\n<p class=\"MsoNormal\" style=\"margin:0in;margin-bottom:.0001pt;text-align:left\" align=\"left\"><span>9.<\/span><\/p>\n<\/td>\n<td style=\"width:284.3pt;border-top:none;border-left:  none;border-bottom:solid windowtext 1.0pt;border-right:solid windowtext 1.0pt;padding:0in 5.4pt 0in 5.4pt\" width=\"379\" valign=\"top\">\n<p class=\"MsoNormal\" style=\"margin:0in;margin-bottom:.0001pt;text-align:left\" align=\"left\"><span>\u015eedin\u0163a Consiliului Consultativ al AJOFM Bistri\u0163a<br \/>\n  &#8211; N\u0103s\u0103ud<\/span><\/p>\n<\/td>\n<td style=\"width:169.75pt;border-top:none;border-left:  none;border-bottom:solid windowtext 1.0pt;border-right:solid windowtext 1.0pt;padding:0in 5.4pt 0in 5.4pt\" width=\"226\" valign=\"top\">\n<p class=\"MsoNormal\" style=\"margin:0in;margin-bottom:.0001pt;text-align:left\" align=\"left\"><span>Lunar<\/span><\/p>\n<p class=\"MsoNormal\" style=\"margin:0in;margin-bottom:.0001pt;text-align:left\" align=\"left\"><span>\u00a0<\/span><\/p>\n<\/td>\n<\/tr>\n<tr>\n<td style=\"width:59.4pt;border:solid windowtext 1.0pt;border-top:none;padding:0in 5.4pt 0in 5.4pt\" width=\"79\" valign=\"top\">\n<p class=\"MsoNormal\" style=\"margin:0in;margin-bottom:.0001pt;text-align:left\" align=\"left\"><span>10.<\/span><\/p>\n<\/td>\n<td style=\"width:284.3pt;border-top:none;border-left:  none;border-bottom:solid windowtext 1.0pt;border-right:solid windowtext 1.0pt;padding:0in 5.4pt 0in 5.4pt\" width=\"379\" valign=\"top\">\n<p class=\"MsoNormal\" style=\"margin:0in;margin-bottom:.0001pt;text-align:left\" align=\"left\"><span>Audien\u0163e<\/span><\/p>\n<\/td>\n<td style=\"width:169.75pt;border-top:none;border-left:  none;border-bottom:solid windowtext 1.0pt;border-right:solid windowtext 1.0pt;padding:0in 5.4pt 0in 5.4pt\" width=\"226\" valign=\"top\">\n<p class=\"MsoNormal\" style=\"margin:0in;margin-bottom:.0001pt;text-align:left\" align=\"left\"><span>Director executiv: zilnic \u00eentre orele 10,00-12,00;<\/span><\/p>\n<p class=\"MsoNormal\" style=\"margin:0in;margin-bottom:.0001pt;text-align:left\" align=\"left\"><span>Director executiv adjunct:<\/span><\/p>\n<p class=\"MsoNormal\" style=\"margin:0in;margin-bottom:.0001pt;text-align:left\" align=\"left\"><span>zilnic \u00eentre orele 12,00-14,00<\/span><\/p>\n<\/td>\n<\/tr>\n<tr>\n<td style=\"width:59.4pt;border:solid windowtext 1.0pt;border-top:none;padding:0in 5.4pt 0in 5.4pt\" width=\"79\" valign=\"top\">\n<p class=\"MsoNormal\" style=\"margin:0in;margin-bottom:.0001pt;text-align:left\" align=\"left\"><span>11.<\/span><\/p>\n<\/td>\n<td style=\"width:284.3pt;border-top:none;border-left:  none;border-bottom:solid windowtext 1.0pt;border-right:solid windowtext 1.0pt;padding:0in 5.4pt 0in 5.4pt\" width=\"379\" valign=\"top\">\n<p class=\"MsoNormal\" style=\"margin:0in;margin-bottom:.0001pt;text-align:left\" align=\"left\"><span>Organizarea Bursei locurilor de munc\u0103<\/span><\/p>\n<\/td>\n<td style=\"width:169.75pt;border-top:none;border-left:  none;border-bottom:solid windowtext 1.0pt;border-right:solid windowtext 1.0pt;padding:0in 5.4pt 0in 5.4pt\" width=\"226\" valign=\"top\">\n<p class=\"MsoNormal\" style=\"margin:0in;margin-bottom:.0001pt;text-align:left\" align=\"left\"><span>periodic<\/span><\/p>\n<p class=\"MsoNormal\" style=\"margin:0in;margin-bottom:.0001pt;text-align:left\" align=\"left\"><span>\u00a0<\/span><\/p>\n<\/td>\n<\/tr>\n<tr>\n<td style=\"width:59.4pt;border:solid windowtext 1.0pt;border-top:none;padding:0in 5.4pt 0in 5.4pt\" width=\"79\" valign=\"top\">\n<p class=\"MsoNormal\" style=\"margin:0in;margin-bottom:.0001pt;text-align:left\" align=\"left\"><span>12.<\/span><\/p>\n<\/td>\n<td style=\"width:284.3pt;border-top:none;border-left:  none;border-bottom:solid windowtext 1.0pt;border-right:solid windowtext 1.0pt;padding:0in 5.4pt 0in 5.4pt\" width=\"379\" valign=\"top\">\n<p class=\"MsoNormal\" style=\"margin:0in;margin-bottom:.0001pt;text-align:left\" align=\"left\"><span>\u00cent\u00e2lniri cu reprezentan\u0163ii autorit\u0103\u0163ilor publice<br \/>\n  locale, parteneri sociali locali \u015fi cu angajatori<\/span><\/p>\n<\/td>\n<td style=\"width:169.75pt;border-top:none;border-left:  none;border-bottom:solid windowtext 1.0pt;border-right:solid windowtext 1.0pt;padding:0in 5.4pt 0in 5.4pt\" width=\"226\" valign=\"top\">\n<p class=\"MsoNormal\" style=\"margin:0in;margin-bottom:.0001pt;text-align:left\" align=\"left\"><span>periodic<\/span><\/p>\n<\/td>\n<\/tr>\n<\/tbody>\n<\/table>\n<\/td>\n<\/tr>\n<\/tbody>\n<\/table>\n<p><span>\u00a0\u00a0\u00a0\u00a0\u00a0\u00a0\u00a0\u00a0\u00a0\u00a0 <\/span><\/span><span><\/span><\/p>\n","protected":false},"excerpt":{"rendered":"<p>agenda,conducere<\/p>\n","protected":false},"author":0,"featured_media":0,"comment_status":"closed","ping_status":"closed","sticky":false,"template":"","format":"standard","meta":{"footnotes":""},"categories":[2],"tags":[],"class_list":["post-40","post","type-post","status-publish","format-standard","hentry","category-agenda-de-lucru"],"_links":{"self":[{"href":"https:\/\/www.anofm.ro\/bistrita-nasaud\/wp-json\/wp\/v2\/posts\/40","targetHints":{"allow":["GET"]}}],"collection":[{"href":"https:\/\/www.anofm.ro\/bistrita-nasaud\/wp-json\/wp\/v2\/posts"}],"about":[{"href":"https:\/\/www.anofm.ro\/bistrita-nasaud\/wp-json\/wp\/v2\/types\/post"}],"replies":[{"embeddable":true,"href":"https:\/\/www.anofm.ro\/bistrita-nasaud\/wp-json\/wp\/v2\/comments?post=40"}],"version-history":[{"count":0,"href":"https:\/\/www.anofm.ro\/bistrita-nasaud\/wp-json\/wp\/v2\/posts\/40\/revisions"}],"wp:attachment":[{"href":"https:\/\/www.anofm.ro\/bistrita-nasaud\/wp-json\/wp\/v2\/media?parent=40"}],"wp:term":[{"taxonomy":"category","embeddable":true,"href":"https:\/\/www.anofm.ro\/bistrita-nasaud\/wp-json\/wp\/v2\/categories?post=40"},{"taxonomy":"post_tag","embeddable":true,"href":"https:\/\/www.anofm.ro\/bistrita-nasaud\/wp-json\/wp\/v2\/tags?post=40"}],"curies":[{"name":"wp","href":"https:\/\/api.w.org\/{rel}","templated":true}]}}