{"id":381,"date":"2023-10-26T00:00:00","date_gmt":"2023-10-25T21:00:00","guid":{"rendered":"https:\/\/www.anofm.ro\/bistrita-nasaud\/unit-5-rmd-si-rmpd-ucenicie-si-stagii-pentru-somerii-non-neet-din-regiunile-mai-dezvoltate-si-mai-putin-dezvoltate-2\/"},"modified":"2023-10-26T00:00:00","modified_gmt":"2023-10-25T21:00:00","slug":"unit-5-rmd-si-rmpd-ucenicie-si-stagii-pentru-somerii-non-neet-din-regiunile-mai-dezvoltate-si-mai-putin-dezvoltate-2","status":"publish","type":"post","link":"https:\/\/www.anofm.ro\/bistrita-nasaud\/unit-5-rmd-si-rmpd-ucenicie-si-stagii-pentru-somerii-non-neet-din-regiunile-mai-dezvoltate-si-mai-putin-dezvoltate-2\/","title":{"rendered":"UNIT 5 RMD si RMPD &#8211; Ucenicie si stagii pentru somerii non-NEET din regiunile mai dezvoltate si mai putin dezvoltate"},"content":{"rendered":"<p>POCU\/485\/3\/14\/129163<\/p>\n<p><\/p>\n<p>Agen\u021bia Na\u021bional\u0103 pentru Ocuparea For\u021bei de Munc\u0103 (ANOFM)<br \/>\nimplementeaz\u0103 pe o perioad\u0103 de 51 de luni, proiectul \u201cUNIT 5 RMD \u0219i RMPD<br \/>\n \u2013 Ucenicie \u0219i stagii pentru \u0219omerii non-NEET din regiunile mai<br \/>\ndezvoltate \u0219i mai pu\u021bin dezvoltate&#8221;, proiect cofinan\u021bat din Fondul<br \/>\nSocial European (FSE) prin Programul Opera\u021bional Capital Uman 2014-2020<br \/>\n(POCU).<\/p>\n<p>Prin intermediul acestui proiect, ANOFM va sprijini<br \/>\nfinanciar angajatorii care \u00eencadreaz\u0103, prin programe de ucenicie sau<br \/>\nstagii de practic\u0103, \u0219omeri non-NEET, obiectivul principal al proiectului<br \/>\n fiind \u00eembun\u0103t\u0103\u021birea posibilit\u0103\u021bilor de \u00eencadrare a minimum 9.617 de<br \/>\n\u0219omeri \u00eenregistra\u021bi la Serviciul Public de Ocupare (SPO).<\/p>\n<p>Prin<br \/>\nprisma obiectivului general, proiectul se subscrie obiectivului POCU de<br \/>\nasigurare a integr\u0103rii durabile pe pia\u021ba for\u021bei de munc\u0103 a persoanelor<br \/>\n\u00een c\u0103utarea unui loc de munc\u0103 prin faptul c\u0103 SPO va acorda facilit\u0103\u0163i,<br \/>\nsub form\u0103 de sprijin financiar, angajatorilor care \u00eencadreaz\u0103 \u00een munc\u0103<br \/>\n\u0219omeri prin programe de ucenicie la locul de munc\u0103 sau programe de<br \/>\nstagiului pentru absolven\u021bii de \u00eenv\u0103\u021b\u0103m\u00e2nt superior, cu respectarea<br \/>\nprevederilor  legale.<\/p>\n<p>Obiectivele specifice ale proiectului sunt:<\/p>\n<p>&#8211;<br \/>\n Stimularea ocup\u0103rii \u0219omerilor non-NEET \u00eenregistra\u021bi la Serviciul Public<br \/>\n de Ocupare (SPO), prin acordarea sprijinului financiar angajatorilor,<br \/>\naferent \u00eencadr\u0103rii prin ucenicie la locul de munc\u0103 a minim 9.543 de<br \/>\n\u0219omeri non-NEET.<\/p>\n<p>&#8211; Stimularea ocup\u0103rii \u0219omerilor non-NEET<br \/>\n\u00eenregistra\u021bi la Serviciul Public de Ocupare (SPO), prin acordarea<br \/>\nsprijinului financiar angajatorilor, aferent \u00eencadr\u0103rii prin stagii<br \/>\npentru absolven\u021bii de \u00eenv\u0103\u021b\u0103m\u00e2nt superior a 74 de \u0219omeri non-NEET.<\/p>\n<p>Prin<br \/>\n actul adi\u0163ional nr. 4 la contractul de finan\u0163are POCU\/485\/3\/14\/129163,<br \/>\naprobat \u00een 01.03.2022, au fost modificate urm\u0103toarele:<\/p>\n<p>&#8211; La<br \/>\narticolul 2 \u201cDurata contractului \u0219i perioada de implementare a<br \/>\nproiectului\u201d a fost modificat\u0103 perioada de implementare a proiectului,<br \/>\nde la 42 la 48 de luni, respectiv \u00eentre 05.04.2019 \u015fi data de<br \/>\n31.03.2023, la care se adaug\u0103 \u015fi perioada retrospectiv\u0103 a activit\u0103\u0163ilor<br \/>\nproiectului (05.02.2014 \u2013 04.04.2019).<\/p>\n<p>&#8211;\tLa capitolul \u201cDescrierea<br \/>\nproiectului\u201d, se modific\u0103 \u201cSec\u021biunile \u201cObiective proiect\u201d, \u201cRezultate<br \/>\na\u0219teptate\u201c, \u201cGrup \u021bint\u0103\u201d, \u201cResurse umane implicate\u201c \u0219i \u201cActivit\u0103\u021bi<br \/>\nprevizionate\u201d, principalele modific\u0103ri viz\u00e2nd ad\u0103ugarea de atribu\u021bii<br \/>\nsuplimentare \u00een fi\u0219a postului pentru exper\u021bii tehnici implicate \u00een<br \/>\nimplementarea proiectului.<\/p>\n<p>&#8211;\tLa capitolul \u201cBugetul proiectului\u201d,<br \/>\nse modific\u0103 Sec\u021biunile \u201cBuget-Activit\u0103\u021bi \u0219i cheltuieli\u201d \u0219i \u201cGraficul de<br \/>\ndepunere a cererilor de prefinan\u021bare\/plat\u0103\/rambursare a cheltuielilor\u201d,<br \/>\nprin modificarea liniilor bugetare, f\u0103r\u0103 a fi afectat bugetului total al<br \/>\n contractului de finan\u021bare.<\/p>\n<p>Prin actul adi\u0163ional nr. 5 la<br \/>\ncontractul de finan\u0163are POCU\/485\/3\/14\/129163, aprobat \u00een 24.03.2023, au<br \/>\nfost modificate urm\u0103toarele:<\/p>\n<p>&#8211; La articolul 2 \u201cDurata contractului<br \/>\n \u0219i perioada de implementare a proiectului\u201d a fost modificat\u0103 perioada<br \/>\nde implementare a proiectului, de la 48 la 51 de luni, respectiv \u00eentre<br \/>\n05.04.2019 \u015fi data de 30.06.2023, la care se adaug\u0103 \u015fi perioada<br \/>\nretrospectiv\u0103 a activit\u0103\u0163ilor proiectului (05.02.2014 \u2013 04.04.2019).<\/p>\n<p>Proiectul<br \/>\n va fi implementat cu sprijinul tuturor agen\u021biilor jude\u021bene pentru<br \/>\nocuparea for\u021bei de munc\u0103 \u0219i a Agen\u021biei Municipale pentru Ocuparea For\u021bei<br \/>\n de Munc\u0103 &#8211; Bucure\u0219ti. <\/p>\n<p>Bugetul proiectului este de 355.780.648,45<br \/>\n lei (aproximativ 76 milioane euro) din care 300.404.595,48 lei (64<br \/>\nmilioane euro) sunt cheltuieli nerambursabile, iar 55.376.052,97 lei \u2013<br \/>\ncontribu\u021bia solicitantului. Men\u0163ion\u0103m c\u0103, pentru perioada 2014-2018<br \/>\ncheltuielile sunt retrospective.<\/p>\n<p><a href=\"\/upload\/6352\/GSCS_ucenicie_stagii_AP3_08.11.pdf\">GHIDUL SOLICITANTULUI &#8211; CONDI\u021aII SPECIFICE<\/a><br \/>Scheme na\u021bionale &#8211; programe de ucenicie \u0219i stagii<br \/>pentru \u0219omeri \u0219i persoane inactive, persoane de etnie Rom\u0103, persoane din mediul rural<br \/>AP 3\/ PI 8.i\/ OS 3.1, 3.2, 3.3, 3.4, 3.5 &amp; 3.6<\/p>\n<div class=\"file-list-wrap\">\n<ul class=\"file-list\">\n<li><a href=\"\/upload2\/BISTRI\u0162A-N\u0102S\u0102UD\/27782\/Brosura_electronica_iulie_2023_UNIT5.pdf\" download>Brosura_electronica_iulie_2023_UNIT5.pdf<\/a><\/li>\n<li><a href=\"\/upload2\/BISTRI\u0162A-N\u0102S\u0102UD\/27782\/Comunicat_de_presa_finalizare_proiect_UNIT5.pdf\" download>Comunicat_de_presa_finalizare_proiect_UNIT5.pdf<\/a><\/li>\n<\/ul>\n<\/div>\n","protected":false},"excerpt":{"rendered":"<p>POCU\/485\/3\/14\/129163 Agen\u021bia Na\u021bional\u0103 pentru Ocuparea For\u021bei de Munc\u0103 (ANOFM) implementeaz\u0103 pe o perioad\u0103 de 51 de luni, proiectul \u201cUNIT 5 RMD \u0219i RMPD \u2013 Ucenicie \u0219i stagii pentru \u0219omerii non-NEET<\/p>\n","protected":false},"author":0,"featured_media":0,"comment_status":"closed","ping_status":"closed","sticky":false,"template":"","format":"standard","meta":{"footnotes":""},"categories":[20],"tags":[],"class_list":["post-381","post","type-post","status-publish","format-standard","hentry","category-proiecte"],"_links":{"self":[{"href":"https:\/\/www.anofm.ro\/bistrita-nasaud\/wp-json\/wp\/v2\/posts\/381","targetHints":{"allow":["GET"]}}],"collection":[{"href":"https:\/\/www.anofm.ro\/bistrita-nasaud\/wp-json\/wp\/v2\/posts"}],"about":[{"href":"https:\/\/www.anofm.ro\/bistrita-nasaud\/wp-json\/wp\/v2\/types\/post"}],"replies":[{"embeddable":true,"href":"https:\/\/www.anofm.ro\/bistrita-nasaud\/wp-json\/wp\/v2\/comments?post=381"}],"version-history":[{"count":0,"href":"https:\/\/www.anofm.ro\/bistrita-nasaud\/wp-json\/wp\/v2\/posts\/381\/revisions"}],"wp:attachment":[{"href":"https:\/\/www.anofm.ro\/bistrita-nasaud\/wp-json\/wp\/v2\/media?parent=381"}],"wp:term":[{"taxonomy":"category","embeddable":true,"href":"https:\/\/www.anofm.ro\/bistrita-nasaud\/wp-json\/wp\/v2\/categories?post=381"},{"taxonomy":"post_tag","embeddable":true,"href":"https:\/\/www.anofm.ro\/bistrita-nasaud\/wp-json\/wp\/v2\/tags?post=381"}],"curies":[{"name":"wp","href":"https:\/\/api.w.org\/{rel}","templated":true}]}}