{"id":380,"date":"2023-10-18T00:00:00","date_gmt":"2023-10-17T21:00:00","guid":{"rendered":"https:\/\/www.anofm.ro\/bistrita-nasaud\/situatia-salariilor-septembrie-2023\/"},"modified":"2023-10-18T00:00:00","modified_gmt":"2023-10-17T21:00:00","slug":"situatia-salariilor-septembrie-2023","status":"publish","type":"post","link":"https:\/\/www.anofm.ro\/bistrita-nasaud\/situatia-salariilor-septembrie-2023\/","title":{"rendered":"situatia salariilor septembrie 2023"},"content":{"rendered":"<p><\/p>\n<div class=\"file-list-wrap\">\n<ul class=\"file-list\">\n<li><a href=\"\/upload2\/BISTRI\u0162A-N\u0102S\u0102UD\/27659\/Situatia_salariilor_la_septembrie_2023.pdf\" download>Situatia_salariilor_la_septembrie_2023.pdf<\/a><\/li>\n<\/ul>\n<\/div>\n","protected":false},"excerpt":{"rendered":"<p>Situatia_salariilor_la_septembrie_2023.pdf<\/p>\n","protected":false},"author":0,"featured_media":0,"comment_status":"closed","ping_status":"closed","sticky":false,"template":"","format":"standard","meta":{"footnotes":""},"categories":[23],"tags":[],"class_list":["post-380","post","type-post","status-publish","format-standard","hentry","category-situatia-drepturilor-salariale-si-alte-drepturi"],"_links":{"self":[{"href":"https:\/\/www.anofm.ro\/bistrita-nasaud\/wp-json\/wp\/v2\/posts\/380","targetHints":{"allow":["GET"]}}],"collection":[{"href":"https:\/\/www.anofm.ro\/bistrita-nasaud\/wp-json\/wp\/v2\/posts"}],"about":[{"href":"https:\/\/www.anofm.ro\/bistrita-nasaud\/wp-json\/wp\/v2\/types\/post"}],"replies":[{"embeddable":true,"href":"https:\/\/www.anofm.ro\/bistrita-nasaud\/wp-json\/wp\/v2\/comments?post=380"}],"version-history":[{"count":0,"href":"https:\/\/www.anofm.ro\/bistrita-nasaud\/wp-json\/wp\/v2\/posts\/380\/revisions"}],"wp:attachment":[{"href":"https:\/\/www.anofm.ro\/bistrita-nasaud\/wp-json\/wp\/v2\/media?parent=380"}],"wp:term":[{"taxonomy":"category","embeddable":true,"href":"https:\/\/www.anofm.ro\/bistrita-nasaud\/wp-json\/wp\/v2\/categories?post=380"},{"taxonomy":"post_tag","embeddable":true,"href":"https:\/\/www.anofm.ro\/bistrita-nasaud\/wp-json\/wp\/v2\/tags?post=380"}],"curies":[{"name":"wp","href":"https:\/\/api.w.org\/{rel}","templated":true}]}}