{"id":365,"date":"2023-07-20T00:00:00","date_gmt":"2023-07-19T21:00:00","guid":{"rendered":"https:\/\/www.anofm.ro\/bistrita-nasaud\/programe-de-formare-profesionala-organizate-de-a-j-o-f-m-bistrita-nasaud-2\/"},"modified":"2023-07-20T00:00:00","modified_gmt":"2023-07-19T21:00:00","slug":"programe-de-formare-profesionala-organizate-de-a-j-o-f-m-bistrita-nasaud-2","status":"publish","type":"post","link":"https:\/\/www.anofm.ro\/bistrita-nasaud\/programe-de-formare-profesionala-organizate-de-a-j-o-f-m-bistrita-nasaud-2\/","title":{"rendered":"Programe de formare profesional\u0103 organizate de A.J.O.F.M. Bistri\u0163a &#8211; N\u0103s\u0103ud"},"content":{"rendered":"<p>Introduceti continutul text. Eventualele incarcari de fisiere se fac in faza de editare<\/p>\n<div class=\"file-list-wrap\">\n<ul class=\"file-list\">\n<li><a href=\"\/upload2\/BISTRI\u0162A-N\u0102S\u0102UD\/26736\/formare_profesionala_bucatar_iulie_2023_AJOFM_BN.pdf\" download>formare_profesionala_bucatar_iulie_2023_AJOFM_BN.pdf<\/a><\/li>\n<\/ul>\n<\/div>\n","protected":false},"excerpt":{"rendered":"<p>Programe de formare profesional\u0103<\/p>\n","protected":false},"author":0,"featured_media":0,"comment_status":"closed","ping_status":"closed","sticky":false,"template":"","format":"standard","meta":{"footnotes":""},"categories":[9],"tags":[],"class_list":["post-365","post","type-post","status-publish","format-standard","hentry","category-comunicate-de-presa"],"_links":{"self":[{"href":"https:\/\/www.anofm.ro\/bistrita-nasaud\/wp-json\/wp\/v2\/posts\/365","targetHints":{"allow":["GET"]}}],"collection":[{"href":"https:\/\/www.anofm.ro\/bistrita-nasaud\/wp-json\/wp\/v2\/posts"}],"about":[{"href":"https:\/\/www.anofm.ro\/bistrita-nasaud\/wp-json\/wp\/v2\/types\/post"}],"replies":[{"embeddable":true,"href":"https:\/\/www.anofm.ro\/bistrita-nasaud\/wp-json\/wp\/v2\/comments?post=365"}],"version-history":[{"count":0,"href":"https:\/\/www.anofm.ro\/bistrita-nasaud\/wp-json\/wp\/v2\/posts\/365\/revisions"}],"wp:attachment":[{"href":"https:\/\/www.anofm.ro\/bistrita-nasaud\/wp-json\/wp\/v2\/media?parent=365"}],"wp:term":[{"taxonomy":"category","embeddable":true,"href":"https:\/\/www.anofm.ro\/bistrita-nasaud\/wp-json\/wp\/v2\/categories?post=365"},{"taxonomy":"post_tag","embeddable":true,"href":"https:\/\/www.anofm.ro\/bistrita-nasaud\/wp-json\/wp\/v2\/tags?post=365"}],"curies":[{"name":"wp","href":"https:\/\/api.w.org\/{rel}","templated":true}]}}