{"id":35,"date":"2018-01-05T00:00:00","date_gmt":"2018-01-04T22:00:00","guid":{"rendered":"https:\/\/www.anofm.ro\/bistrita-nasaud\/150-locuri-de-munca-in-domeniul-agricol-sunt-disponibile-in-spania-prin-reteaua-eures-romania\/"},"modified":"2018-01-05T00:00:00","modified_gmt":"2018-01-04T22:00:00","slug":"150-locuri-de-munca-in-domeniul-agricol-sunt-disponibile-in-spania-prin-reteaua-eures-romania","status":"publish","type":"post","link":"https:\/\/www.anofm.ro\/bistrita-nasaud\/150-locuri-de-munca-in-domeniul-agricol-sunt-disponibile-in-spania-prin-reteaua-eures-romania\/","title":{"rendered":"150 locuri de munc\u0103 \u00een domeniul agricol sunt disponibile \u00een Spania  prin Re\u0163eaua EURES Rom\u00e2nia"},"content":{"rendered":"<p><a href=\"\/upload\/1195\/oferta_Spania_ianuarie_2018.pdf\">oferta_Spania_ianuarie_2018.pdf<\/a> <\/p>\n","protected":false},"excerpt":{"rendered":"<p>agricol,locuri de munca<\/p>\n","protected":false},"author":0,"featured_media":0,"comment_status":"closed","ping_status":"closed","sticky":false,"template":"","format":"standard","meta":{"footnotes":""},"categories":[9],"tags":[],"class_list":["post-35","post","type-post","status-publish","format-standard","hentry","category-comunicate-de-presa"],"_links":{"self":[{"href":"https:\/\/www.anofm.ro\/bistrita-nasaud\/wp-json\/wp\/v2\/posts\/35","targetHints":{"allow":["GET"]}}],"collection":[{"href":"https:\/\/www.anofm.ro\/bistrita-nasaud\/wp-json\/wp\/v2\/posts"}],"about":[{"href":"https:\/\/www.anofm.ro\/bistrita-nasaud\/wp-json\/wp\/v2\/types\/post"}],"replies":[{"embeddable":true,"href":"https:\/\/www.anofm.ro\/bistrita-nasaud\/wp-json\/wp\/v2\/comments?post=35"}],"version-history":[{"count":0,"href":"https:\/\/www.anofm.ro\/bistrita-nasaud\/wp-json\/wp\/v2\/posts\/35\/revisions"}],"wp:attachment":[{"href":"https:\/\/www.anofm.ro\/bistrita-nasaud\/wp-json\/wp\/v2\/media?parent=35"}],"wp:term":[{"taxonomy":"category","embeddable":true,"href":"https:\/\/www.anofm.ro\/bistrita-nasaud\/wp-json\/wp\/v2\/categories?post=35"},{"taxonomy":"post_tag","embeddable":true,"href":"https:\/\/www.anofm.ro\/bistrita-nasaud\/wp-json\/wp\/v2\/tags?post=35"}],"curies":[{"name":"wp","href":"https:\/\/api.w.org\/{rel}","templated":true}]}}