{"id":335,"date":"2023-02-13T00:00:00","date_gmt":"2023-02-12T22:00:00","guid":{"rendered":"https:\/\/www.anofm.ro\/bistrita-nasaud\/planul-de-formare-profesionala-2022\/"},"modified":"2023-02-13T00:00:00","modified_gmt":"2023-02-12T22:00:00","slug":"planul-de-formare-profesionala-2022","status":"publish","type":"post","link":"https:\/\/www.anofm.ro\/bistrita-nasaud\/planul-de-formare-profesionala-2022\/","title":{"rendered":"Planul de formare profesionala 2022"},"content":{"rendered":"<p class=\"MsoNormal\" style=\"margin-bottom:0in;margin-bottom:.0001pt;line-height:normal\"><span style=\"font-size:12.0pt;font-family:\">Planul<br \/>\nNa\u021bional de Formare Profesional\u0103 pentru anul 2022 \u015fi-a propus urm\u0103toarele<br \/>\nobiective generale:<\/span><\/p>\n<p class=\"MsoNormal\" style=\"margin-bottom:0in;margin-bottom:.0001pt;line-height:normal\"><span style=\"font-size:12.0pt;font-family:\">1.<br \/>\nCre\u0219terea nivelului de calificare al resurselor umane prin \u00eembun\u0103t\u0103\u021birea<br \/>\nnivelului de competen\u021be al persoanelor \u0219omere \u0219i inactive apte de munc\u0103 \u0219i<br \/>\nadaptarea competen\u0163elor la cerin\u0163ele pie\u0163ei muncii, pentru a facilita<br \/>\nreintegrarea acestora pe pia\u021ba muncii, conform obiectivelor cuprinse \u00een<br \/>\nStrategia Na\u0163ional\u0103 pentru Ocuparea For\u0163ei de Munc\u0103 2021-2027;<\/span><\/p>\n<p class=\"MsoNormal\" style=\"margin-bottom:0in;margin-bottom:.0001pt;line-height:normal\"><span style=\"font-size:12.0pt;font-family:\">2.<br \/>\n\u00cencurajarea particip\u0103rii largi \u0219i favorabile incluziunii pentru grupurile<br \/>\ndezavantajate pe pia\u021ba muncii la programe de formare profesional\u0103 sau \u00een<br \/>\nprocese de evaluare a competen\u0163elor dob\u00e2ndite \u00een context informal sau<br \/>\nnonformal;<\/span><\/p>\n<p class=\"MsoNormal\" style=\"margin-bottom:0in;margin-bottom:.0001pt;line-height:normal\"><span style=\"font-size:12.0pt;font-family:\">3.<br \/>\nCre\u0219terea capacit\u0103\u0163ii de inser\u0163ie profesional\u0103 prin stimularea particip\u0103rii<br \/>\ntinerilor la formare profesional\u0103 prin programe de ucenicie.<\/span><\/p>\n<p class=\"MsoNormal\" style=\"margin-bottom:0in;margin-bottom:.0001pt;line-height:normal\"><span style=\"font-size:12.0pt;font-family:\">\u00a0<\/span><\/p>\n<p class=\"MsoNormal\" style=\"margin-bottom:0in;margin-bottom:.0001pt;line-height:normal\"><span style=\"font-size:12.0pt;font-family:\">Obiectivele<br \/>\nspecifice\u00a0 ale Planului Na\u0163ional de Formare Profesional\u0103 au fost:<\/span><\/p>\n<p class=\"MsoNormal\" style=\"margin-bottom:0in;margin-bottom:.0001pt;line-height:normal\"><span style=\"font-size:12.0pt;font-family:\">\u2022<br \/>\nCre\u015fterea particip\u0103rii la formare a persoanelor aflate \u00een c\u0103utarea unui loc de<br \/>\nmunc\u0103, \u00een special a \u015fomerilor de lung\u0103 durat\u0103, greu \u015fi foarte greu ocupabili;<\/span><\/p>\n<p class=\"MsoNormal\" style=\"margin-bottom:0in;margin-bottom:.0001pt;line-height:normal\"><span style=\"font-size:12.0pt;font-family:\">\u2022<br \/>\nFocalizarea interven\u021biilor pentru cre\u015fterea nivelului de preg\u0103tire al<br \/>\npersoanelor apar\u0163in\u00e2nd grupurilor dezavantajate, din urm\u0103toarele grupuri \u0163int\u0103:<\/span><\/p>\n<p class=\"MsoNormal\" style=\"margin-bottom:0in;margin-bottom:.0001pt;line-height:normal\"><span style=\"font-size:12.0pt;font-family:\">o<br \/>\ntineri cu v\u00e2rsta sub 25 de ani;<\/span><\/p>\n<p class=\"MsoNormal\" style=\"margin-bottom:0in;margin-bottom:.0001pt;line-height:normal\"><span style=\"font-size:12.0pt;font-family:\">o<br \/>\ntineri cu v\u00e2rsta cuprins\u0103 \u00eentre 25 &#8211; 30 ani;<\/span><\/p>\n<p class=\"MsoNormal\" style=\"margin-bottom:0in;margin-bottom:.0001pt;line-height:normal\"><span style=\"font-size:12.0pt;font-family:\">o<br \/>\npersoane cu v\u00e2rsta cuprins\u0103 \u00eentre 30 &#8211; 35 ani;<\/span><\/p>\n<p class=\"MsoNormal\" style=\"margin-bottom:0in;margin-bottom:.0001pt;line-height:normal\"><span style=\"font-size:12.0pt;font-family:\">o<br \/>\npersoane cu v\u00e2rsta cuprins\u0103 \u00eentre 35 &#8211; 45 ani;<\/span><\/p>\n<p class=\"MsoNormal\" style=\"margin-bottom:0in;margin-bottom:.0001pt;line-height:normal\"><span style=\"font-size:12.0pt;font-family:\">o<br \/>\npersoane cu v\u00e2rsta peste 45 de ani;<\/span><\/p>\n<p class=\"MsoNormal\" style=\"margin-bottom:0in;margin-bottom:.0001pt;line-height:normal\"><span style=\"font-size:12.0pt;font-family:\">o<br \/>\n\u0219omeri de lung\u0103 durat\u0103;<\/span><\/p>\n<p class=\"MsoNormal\" style=\"margin-bottom:0in;margin-bottom:.0001pt;line-height:normal\"><span style=\"font-size:12.0pt;font-family:\">o<br \/>\nfemei;<\/span><\/p>\n<p class=\"MsoNormal\" style=\"margin-bottom:0in;margin-bottom:.0001pt;line-height:normal\"><span style=\"font-size:12.0pt;font-family:\">o<br \/>\npersoane cu dizabilit\u0103\u0163i;<\/span><\/p>\n<p class=\"MsoNormal\" style=\"margin-bottom:0in;margin-bottom:.0001pt;line-height:normal\"><span style=\"font-size:12.0pt;font-family:\">o<br \/>\nromi;<\/span><\/p>\n<p class=\"MsoNormal\" style=\"margin-bottom:0in;margin-bottom:.0001pt;line-height:normal\"><span style=\"font-size:12.0pt;font-family:\">o<br \/>\npersoane din mediu rural.<\/span><\/p>\n<p class=\"MsoNormal\" style=\"margin-bottom:0in;margin-bottom:.0001pt;line-height:normal\"><span style=\"font-size:12.0pt;font-family:\">\u2022<br \/>\n\u00eencurajarea traseelor de formare flexibile \u015fi a particip\u0103rii la programe<br \/>\nformare la locul de munc\u0103 prin ucenicie, dar \u0219i la procese de evaluare a<br \/>\ncompeten\u0163elor dob\u00e2ndite \u00een contexte informale sau nonformale pentru persoanele<br \/>\naflate \u00een c\u0103utarea unui loc de munc\u0103;<\/span><\/p>\n<p class=\"MsoNormal\" style=\"margin-bottom:0in;margin-bottom:.0001pt;line-height:normal\"><span style=\"font-size:12.0pt;font-family:\">\u2022<br \/>\n\u00eent\u0103rirea cooper\u0103rii \u00een domeniul form\u0103rii profesionale pentru a facilita<br \/>\norganizarea de programe de ucenicie \u015fi stagii la locul de munc\u0103, cu focalizare<br \/>\npe grupurile \u021bint\u0103 vulnerabile, \u00een vederea cre\u015fterii \u015fanselor de ocupare ale<br \/>\nacestora.<\/span><\/p>\n<p class=\"Default\" style=\"text-align:justify;line-height:115%\"><span style=\"font-size:12.0pt;font-family:\">\u00a0<\/span><font style=\"font-size: 18px\"><span lang=\"PT-BR\">Conform Planului de formare profesional\u0103 pentru<br \/>\nanul 2022, <\/span><b><span lang=\"PT-BR\">Agen\u0163ia Jude\u0163eana<br \/>\npentru Ocuparea For\u0163ei de Munc\u0103 Bistri\u0163a \u2013 N\u0103s\u0103ud<\/span><\/b><span lang=\"PT-BR\"> a prevazut<br \/>\norganizarea a 35 de programe de formare profesional\u0103 <\/span><span lang=\"PT-BR\">(34 pentru someri si 1 pentru persoanele<br \/>\nprivate de libertate din cadrul Penitenciarului Bistrita) pentru un numar de<br \/>\n477 someri si 14 persoane private de libertate.<\/span><\/font><\/p>\n<div class=\"file-list-wrap\">\n<ul class=\"file-list\">\n<li><a href=\"\/upload2\/BISTRI\u0162A-N\u0102S\u0102UD\/24314\/Formare_BN_12_2022_Anexa_1_site.pdf\" download>Formare_BN_12_2022_Anexa_1_site.pdf<\/a><\/li>\n<li><a href=\"\/upload2\/BISTRI\u0162A-N\u0102S\u0102UD\/24314\/Formare_BN_12_2022_Anexa_2_site.pdf\" download>Formare_BN_12_2022_Anexa_2_site.pdf<\/a><\/li>\n<\/ul>\n<\/div>\n","protected":false},"excerpt":{"rendered":"<p>Planul de formare profesionala<\/p>\n","protected":false},"author":0,"featured_media":0,"comment_status":"closed","ping_status":"closed","sticky":false,"template":"","format":"standard","meta":{"footnotes":""},"categories":[17],"tags":[],"class_list":["post-335","post","type-post","status-publish","format-standard","hentry","category-planul-de-formare-profesionala"],"_links":{"self":[{"href":"https:\/\/www.anofm.ro\/bistrita-nasaud\/wp-json\/wp\/v2\/posts\/335","targetHints":{"allow":["GET"]}}],"collection":[{"href":"https:\/\/www.anofm.ro\/bistrita-nasaud\/wp-json\/wp\/v2\/posts"}],"about":[{"href":"https:\/\/www.anofm.ro\/bistrita-nasaud\/wp-json\/wp\/v2\/types\/post"}],"replies":[{"embeddable":true,"href":"https:\/\/www.anofm.ro\/bistrita-nasaud\/wp-json\/wp\/v2\/comments?post=335"}],"version-history":[{"count":0,"href":"https:\/\/www.anofm.ro\/bistrita-nasaud\/wp-json\/wp\/v2\/posts\/335\/revisions"}],"wp:attachment":[{"href":"https:\/\/www.anofm.ro\/bistrita-nasaud\/wp-json\/wp\/v2\/media?parent=335"}],"wp:term":[{"taxonomy":"category","embeddable":true,"href":"https:\/\/www.anofm.ro\/bistrita-nasaud\/wp-json\/wp\/v2\/categories?post=335"},{"taxonomy":"post_tag","embeddable":true,"href":"https:\/\/www.anofm.ro\/bistrita-nasaud\/wp-json\/wp\/v2\/tags?post=335"}],"curies":[{"name":"wp","href":"https:\/\/api.w.org\/{rel}","templated":true}]}}