{"id":324,"date":"2023-01-30T00:00:00","date_gmt":"2023-01-29T22:00:00","guid":{"rendered":"https:\/\/www.anofm.ro\/bistrita-nasaud\/incepand-cu-01-03-2023-toti-angajatorii-sunt-rugati-sa-se-inregistreze-in-platforma-s-e-m-m-pentru-a-si-declara-locurile-de-munca-vacante\/"},"modified":"2023-01-30T00:00:00","modified_gmt":"2023-01-29T22:00:00","slug":"incepand-cu-01-03-2023-toti-angajatorii-sunt-rugati-sa-se-inregistreze-in-platforma-s-e-m-m-pentru-a-si-declara-locurile-de-munca-vacante","status":"publish","type":"post","link":"https:\/\/www.anofm.ro\/bistrita-nasaud\/incepand-cu-01-03-2023-toti-angajatorii-sunt-rugati-sa-se-inregistreze-in-platforma-s-e-m-m-pentru-a-si-declara-locurile-de-munca-vacante\/","title":{"rendered":"Incep\u00e2nd cu 01.03.2023 to\u021bi angajatorii sunt ruga\u021bi s\u0103 se \u00eenregistreze \u00een platforma  S.E.M.M. pentru a-\u015fi declara locurile de munc\u0103 vacante"},"content":{"rendered":"<p>Introduceti continutul text. Eventualele incarcari de fisiere se fac in faza de editare<\/p>\n<div class=\"file-list-wrap\">\n<ul class=\"file-list\">\n<li><a href=\"\/upload2\/BISTRI\u0162A-N\u0102S\u0102UD\/23854\/SEMM_angajatori_ian_2023_AJOFM_BN.pdf\" download>SEMM_angajatori_ian_2023_AJOFM_BN.pdf<\/a><\/li>\n<\/ul>\n<\/div>\n","protected":false},"excerpt":{"rendered":"<p>SEMM locuri de munca<\/p>\n","protected":false},"author":0,"featured_media":0,"comment_status":"closed","ping_status":"closed","sticky":false,"template":"","format":"standard","meta":{"footnotes":""},"categories":[9],"tags":[],"class_list":["post-324","post","type-post","status-publish","format-standard","hentry","category-comunicate-de-presa"],"_links":{"self":[{"href":"https:\/\/www.anofm.ro\/bistrita-nasaud\/wp-json\/wp\/v2\/posts\/324","targetHints":{"allow":["GET"]}}],"collection":[{"href":"https:\/\/www.anofm.ro\/bistrita-nasaud\/wp-json\/wp\/v2\/posts"}],"about":[{"href":"https:\/\/www.anofm.ro\/bistrita-nasaud\/wp-json\/wp\/v2\/types\/post"}],"replies":[{"embeddable":true,"href":"https:\/\/www.anofm.ro\/bistrita-nasaud\/wp-json\/wp\/v2\/comments?post=324"}],"version-history":[{"count":0,"href":"https:\/\/www.anofm.ro\/bistrita-nasaud\/wp-json\/wp\/v2\/posts\/324\/revisions"}],"wp:attachment":[{"href":"https:\/\/www.anofm.ro\/bistrita-nasaud\/wp-json\/wp\/v2\/media?parent=324"}],"wp:term":[{"taxonomy":"category","embeddable":true,"href":"https:\/\/www.anofm.ro\/bistrita-nasaud\/wp-json\/wp\/v2\/categories?post=324"},{"taxonomy":"post_tag","embeddable":true,"href":"https:\/\/www.anofm.ro\/bistrita-nasaud\/wp-json\/wp\/v2\/tags?post=324"}],"curies":[{"name":"wp","href":"https:\/\/api.w.org\/{rel}","templated":true}]}}