{"id":305,"date":"2022-09-16T00:00:00","date_gmt":"2022-09-15T21:00:00","guid":{"rendered":"https:\/\/www.anofm.ro\/bistrita-nasaud\/programe-de-formare-profesionala-gratuite-pentru-someri-2\/"},"modified":"2022-09-16T00:00:00","modified_gmt":"2022-09-15T21:00:00","slug":"programe-de-formare-profesionala-gratuite-pentru-someri-2","status":"publish","type":"post","link":"https:\/\/www.anofm.ro\/bistrita-nasaud\/programe-de-formare-profesionala-gratuite-pentru-someri-2\/","title":{"rendered":"Programe de formare profesional\u0103 gratuite pentru \u015fomeri"},"content":{"rendered":"<p class=\"MsoNormal\" style=\"margin-left:0in\"><b>NR.<br \/>\n3901 <span>\u00a0<\/span>\/16.09.2022<\/b><\/p>\n<p class=\"MsoNormal\" style=\"margin-left:0in\"><b>\u00a0<\/b><\/p>\n<p class=\"MsoNormal\" style=\"margin-left:0in\"><b>Comunicat<br \/>\nde pres\u0103<\/b><\/p>\n<p class=\"MsoNormal\" style=\"margin:0in;margin-bottom:.0001pt;line-height:150%;background:white\"><b><span style=\"font-size:12.0pt;line-height:150%\" lang=\"PT-BR\">Programe de<br \/>\nformare profesional\u0103 gratuite pentru \u015fomeri<\/span><\/b><\/p>\n<p class=\"MsoNormal\" style=\"margin:0in;margin-bottom:.0001pt;line-height:150%;background:white\"><b><span style=\"font-size:12.0pt;line-height:150%\" lang=\"PT-BR\">\u00a0<\/span><\/b><\/p>\n<p class=\"MsoNormal\" style=\"margin:0in;margin-bottom:.0001pt;background:white\"><b><span style=\"font-size:12.0pt;line-height:115%\" lang=\"PT-BR\">Agen\u0163ia Jude\u0163ean\u0103 pentru Ocuparea<br \/>\nFor\u0163ei de Munc\u0103 Bistri\u0163a \u2013 N\u0103s\u0103ud<span>\u00a0 <\/span><\/span><\/b><span style=\"font-size:12.0pt;line-height:115%\" lang=\"PT-BR\">organizeaz\u0103<br \/>\nprin Centrul propriu de Formare Profesional\u0103, programe de formare profesional\u0103<br \/>\ngratuite pentru p<\/span><span style=\"font-size:12.0pt;line-height:115%\" lang=\"FR\">ersoanele aflate \u00een c\u0103utarea unui loc de munc\u0103 (\u015f<\/span><span style=\"font-size:12.0pt;line-height:115%\" lang=\"PT-BR\">omeri<br \/>\nindemniza\u0163i \u015fi neindemniza\u0163i) <\/span><span style=\"font-size:12.0pt;line-height:115%\">\u00eenregistrate \u00een eviden\u0163ele institu\u0163iei. Astfel, persoanelor aflate<br \/>\n\u00een c\u0103utarea unui loc de munc\u0103 li se ofer\u0103 astfel posibilitatea dob\u00e2ndirii<br \/>\ncuno\u015ftin\u0163elor teoretice \u015fi practice specifice unei noi meserii care s\u0103 m\u0103reasc\u0103<br \/>\n\u015fansele ocup\u0103rii unui loc de munc\u0103.<\/span><\/p>\n<p class=\"Default\" style=\"text-align:justify;line-height:115%\"><span lang=\"PT-BR\">\u00cen perioada<br \/>\nurm\u0103toare se vor derula prin C.F.P. Bistri\u0163a 4 programe de formare profesional\u0103<br \/>\n\u00een ocupa\u021biile: receptioner hotel, camerista, mecanic auto, vulcanizator auto.<\/span><\/p>\n<p class=\"MsoNormal\" style=\"margin-left:0in\"><span style=\"font-size:12.0pt;line-height:115%\" lang=\"PT-BR\">Persoanele interesate s\u0103<br \/>\nurmeze un program de formare profesional\u0103 organizat de agen\u0163ie,<span>\u00a0 <\/span>sunt invitate s\u0103 se \u00eenscrie la sediul<br \/>\nCentrului de Formare Profesional\u0103 din Bistri\u0163a, <\/span><span style=\"font-size:12.0pt;line-height:115%\" lang=\"IT\">strada G\u0103rii,<br \/>\nnr. 2 \u2013 4, etaj ll, telefon 0263 \u2013 236296.<\/span><span style=\"font-size:12.0pt;line-height:115%\" lang=\"RO\"><\/span><\/p>\n<p class=\"Default\" style=\"line-height:150%\"><b>\u00a0<\/b><\/p>\n<p class=\"Default\">\u00a0<\/p>\n<p class=\"MsoNormal\" style=\"margin-left:0in\"><b>Agen\u021bia<br \/>\nJude\u021bean\u0103 pentru Ocuparea For\u021bei de Munc\u0103 Bistri\u0163a \u2013 N\u0103s\u0103ud<\/b><\/p>\n","protected":false},"excerpt":{"rendered":"<p>Programe de formare profesional\u0103 <\/p>\n","protected":false},"author":0,"featured_media":0,"comment_status":"closed","ping_status":"closed","sticky":false,"template":"","format":"standard","meta":{"footnotes":""},"categories":[9],"tags":[],"class_list":["post-305","post","type-post","status-publish","format-standard","hentry","category-comunicate-de-presa"],"_links":{"self":[{"href":"https:\/\/www.anofm.ro\/bistrita-nasaud\/wp-json\/wp\/v2\/posts\/305","targetHints":{"allow":["GET"]}}],"collection":[{"href":"https:\/\/www.anofm.ro\/bistrita-nasaud\/wp-json\/wp\/v2\/posts"}],"about":[{"href":"https:\/\/www.anofm.ro\/bistrita-nasaud\/wp-json\/wp\/v2\/types\/post"}],"replies":[{"embeddable":true,"href":"https:\/\/www.anofm.ro\/bistrita-nasaud\/wp-json\/wp\/v2\/comments?post=305"}],"version-history":[{"count":0,"href":"https:\/\/www.anofm.ro\/bistrita-nasaud\/wp-json\/wp\/v2\/posts\/305\/revisions"}],"wp:attachment":[{"href":"https:\/\/www.anofm.ro\/bistrita-nasaud\/wp-json\/wp\/v2\/media?parent=305"}],"wp:term":[{"taxonomy":"category","embeddable":true,"href":"https:\/\/www.anofm.ro\/bistrita-nasaud\/wp-json\/wp\/v2\/categories?post=305"},{"taxonomy":"post_tag","embeddable":true,"href":"https:\/\/www.anofm.ro\/bistrita-nasaud\/wp-json\/wp\/v2\/tags?post=305"}],"curies":[{"name":"wp","href":"https:\/\/api.w.org\/{rel}","templated":true}]}}