{"id":301,"date":"2022-09-14T00:00:00","date_gmt":"2022-09-13T21:00:00","guid":{"rendered":"https:\/\/www.anofm.ro\/bistrita-nasaud\/proiectul-relatia-spo-cu-angajatorii-espor-cofinantat-din-fondul-social-european-prin-pocu-2014-2020\/"},"modified":"2022-09-14T00:00:00","modified_gmt":"2022-09-13T21:00:00","slug":"proiectul-relatia-spo-cu-angajatorii-espor-cofinantat-din-fondul-social-european-prin-pocu-2014-2020","status":"publish","type":"post","link":"https:\/\/www.anofm.ro\/bistrita-nasaud\/proiectul-relatia-spo-cu-angajatorii-espor-cofinantat-din-fondul-social-european-prin-pocu-2014-2020\/","title":{"rendered":"proiectul \u201cRela\u021bia SPO cu angajatorii- eSPOR\u201d, cofinan\u021bat din Fondul Social European prin POCU 2014-2020"},"content":{"rendered":"<div dir=\"auto\" style=\"font-family:\">In atentia angajatorilor!<\/div>\n<div dir=\"auto\" style=\"font-family:\">Avand in vedere derularea proiectului Relatii SPO cu angajatorii &#8211; eSPOR, POCU\/801\/3\/15\/139\/164, va rugam sa ne sprijiniti in completarea chestionalului menit sa identifice nevoile de calificare ale viitorilor angaja\u021bi ai dumneavoastra, in relatia cu AJOFM Bistrita-Nasaud. Chestionarul se gaseste la adresa: <span style=\"font-family: inherit\"><a class=\"qi72231t nu7423ey n3hqoq4p r86q59rh b3qcqh3k fq87ekyn bdao358l fsf7x5fv rse6dlih s5oniofx m8h3af8h l7ghb35v kjdc1dyq kmwttqpk srn514ro oxkhqvkx rl78xhln nch0832m cr00lzj9 rn8ck1ys s3jn8y49 icdlwmnq cxfqmxzd ezidihy3\" href=\"https:\/\/www.anofm.ro\/chestionare\/index.html?fbclid=IwAR2iVYsXaII53RqYdwgZQ8_ThoLyPHHekvCFNJncwMaWpv5hhoEy_Yzfn7s\" rel=\"nofollow noopener\" role=\"link\" target=\"_blank\" style=\"color: var(--blue-link);cursor: pointer;text-decoration: none;border-width: 0px;border-style: initial;border-color: initial;text-align: inherit;margin: 0px;padding: 0px;background-color: transparent;font-family: inherit\">https:\/\/www.anofm.ro\/chestionare\/index.html<\/a><\/span> <\/div>\n<div dir=\"auto\" style=\"font-family:\">Autentificarea angajatorului:<\/div>\n<div dir=\"auto\" style=\"font-family:\">Utilizator: Codul Unic de Inregistrare,<\/div>\n<div dir=\"auto\" style=\"font-family:\">Parola: parola contului pe <span style=\"font-family: inherit\"><a style=\"cursor: pointer;text-decoration: none;font-family: inherit\"><\/a><\/span>platforma SEMM sau index ANAF din declara\u021bia D112 pentru luna iunie- in cazul angajatorilor care nu au cont pe platforma SEMM.<\/div>\n<div class=\"file-list-wrap\">\n<ul class=\"file-list\">\n<li><a href=\"\/upload2\/BISTRI\u0162A-N\u0102S\u0102UD\/22348\/espor3.jpg\" download>espor3.jpg<\/a><\/li>\n<li><a href=\"\/upload2\/BISTRI\u0162A-N\u0102S\u0102UD\/22348\/espor4.jpg\" download>espor4.jpg<\/a><\/li>\n<li><a href=\"\/upload2\/BISTRI\u0162A-N\u0102S\u0102UD\/22348\/espor5.jpg\" download>espor5.jpg<\/a><\/li>\n<\/ul>\n<\/div>\n","protected":false},"excerpt":{"rendered":"<p>proiect espor<\/p>\n","protected":false},"author":0,"featured_media":0,"comment_status":"closed","ping_status":"closed","sticky":false,"template":"","format":"standard","meta":{"footnotes":""},"categories":[9],"tags":[],"class_list":["post-301","post","type-post","status-publish","format-standard","hentry","category-comunicate-de-presa"],"_links":{"self":[{"href":"https:\/\/www.anofm.ro\/bistrita-nasaud\/wp-json\/wp\/v2\/posts\/301","targetHints":{"allow":["GET"]}}],"collection":[{"href":"https:\/\/www.anofm.ro\/bistrita-nasaud\/wp-json\/wp\/v2\/posts"}],"about":[{"href":"https:\/\/www.anofm.ro\/bistrita-nasaud\/wp-json\/wp\/v2\/types\/post"}],"replies":[{"embeddable":true,"href":"https:\/\/www.anofm.ro\/bistrita-nasaud\/wp-json\/wp\/v2\/comments?post=301"}],"version-history":[{"count":0,"href":"https:\/\/www.anofm.ro\/bistrita-nasaud\/wp-json\/wp\/v2\/posts\/301\/revisions"}],"wp:attachment":[{"href":"https:\/\/www.anofm.ro\/bistrita-nasaud\/wp-json\/wp\/v2\/media?parent=301"}],"wp:term":[{"taxonomy":"category","embeddable":true,"href":"https:\/\/www.anofm.ro\/bistrita-nasaud\/wp-json\/wp\/v2\/categories?post=301"},{"taxonomy":"post_tag","embeddable":true,"href":"https:\/\/www.anofm.ro\/bistrita-nasaud\/wp-json\/wp\/v2\/tags?post=301"}],"curies":[{"name":"wp","href":"https:\/\/api.w.org\/{rel}","templated":true}]}}