{"id":271,"date":"2022-03-04T00:00:00","date_gmt":"2022-03-03T22:00:00","guid":{"rendered":"https:\/\/www.anofm.ro\/bistrita-nasaud\/anunt-2\/"},"modified":"2022-03-04T00:00:00","modified_gmt":"2022-03-03T22:00:00","slug":"anunt-2","status":"publish","type":"post","link":"https:\/\/www.anofm.ro\/bistrita-nasaud\/anunt-2\/","title":{"rendered":"Anun\u021b"},"content":{"rendered":"<p class=\"MsoNormal\" style=\"margin-left:0in;line-height:150%\"><b><span style=\"font-size:12.0pt;line-height:150%\">Agen\u021bia Jude\u021bean\u0103 pentru Ocuparea For\u021bei de Munc\u0103 Bistri\u0163a \u2013 N\u0103s\u0103ud<\/span><\/b><span style=\"font-size:12.0pt;line-height:150%\"> informeaz\u0103 agen\u0163ii economici care utilizau<br \/>\nplatforma <\/span><a href=\"https:\/\/aici.gov.ro\/home\"><span>aici.gov.ro<\/span><\/a><span style=\"font-size:12.0pt;line-height:150%\"> pentru transmiterea de documente c\u0103tre<br \/>\ninstitu\u0163ia noastr\u0103, faptul c\u0103, procedurile aferente m\u0103surilor aplicate de ANOFM<br \/>\nfolosind aceast\u0103 platform\u0103 au fost dezactivate.<\/span><\/p>\n<p class=\"MsoNormal\" style=\"margin-left:0in;line-height:150%\"><span style=\"font-size:12.0pt;line-height:150%\">\u00cen consecin\u0163\u0103, agen\u0163ii economici sunt<br \/>\nruga\u0163i s\u0103-\u015fi transmit\u0103 \u00een continuare <span>\u00a0<\/span>documentele privind prevederile OUG nr.110<\/span><span style=\"font-size:12.0pt;line-height:150%\" lang=\"RO\">\/2021-<\/span><span style=\"font-size:12.0pt;line-height:150%\">zile libere pentru p\u0103rin\u0163i, OUG<br \/>\nnr.111\/2021-\u015fomajul tehnic, OUG nr.132\/2020-reducerea temporar<\/span><span style=\"font-size:12.0pt;line-height:150%\" lang=\"RO\">\u0103<\/span><span style=\"font-size:12.0pt;line-height:150%\"> a timpului de munc\u0103, OUG 92\/2020 \u015fi<br \/>\nLegea 220\/2020-subven\u0163ii pentru tineri \u00eentre 16-29 ani \u015fi persoane peste 50 ani,<br \/>\nla adresa de e-mail: <\/span><a href=\"mailto:bistrita-nasaud@aici.gov.ro\"><span style=\"font-size:12.0pt;line-height:150%\">bistrita-nasaud@aici.gov.ro<\/span><\/a><span style=\"font-size:12.0pt;line-height:150%\">.<\/span><\/p>\n","protected":false},"excerpt":{"rendered":"<p>Agen\u021bia Jude\u021bean\u0103 pentru Ocuparea For\u021bei de Munc\u0103 Bistri\u0163a \u2013 N\u0103s\u0103ud informeaz\u0103 agen\u0163ii economici care utilizau platforma aici.gov.ro pentru transmiterea de documente c\u0103tre institu\u0163ia noastr\u0103, faptul c\u0103, procedurile aferente m\u0103surilor aplicate<\/p>\n","protected":false},"author":0,"featured_media":0,"comment_status":"closed","ping_status":"closed","sticky":false,"template":"","format":"standard","meta":{"footnotes":""},"categories":[9],"tags":[],"class_list":["post-271","post","type-post","status-publish","format-standard","hentry","category-comunicate-de-presa"],"_links":{"self":[{"href":"https:\/\/www.anofm.ro\/bistrita-nasaud\/wp-json\/wp\/v2\/posts\/271","targetHints":{"allow":["GET"]}}],"collection":[{"href":"https:\/\/www.anofm.ro\/bistrita-nasaud\/wp-json\/wp\/v2\/posts"}],"about":[{"href":"https:\/\/www.anofm.ro\/bistrita-nasaud\/wp-json\/wp\/v2\/types\/post"}],"replies":[{"embeddable":true,"href":"https:\/\/www.anofm.ro\/bistrita-nasaud\/wp-json\/wp\/v2\/comments?post=271"}],"version-history":[{"count":0,"href":"https:\/\/www.anofm.ro\/bistrita-nasaud\/wp-json\/wp\/v2\/posts\/271\/revisions"}],"wp:attachment":[{"href":"https:\/\/www.anofm.ro\/bistrita-nasaud\/wp-json\/wp\/v2\/media?parent=271"}],"wp:term":[{"taxonomy":"category","embeddable":true,"href":"https:\/\/www.anofm.ro\/bistrita-nasaud\/wp-json\/wp\/v2\/categories?post=271"},{"taxonomy":"post_tag","embeddable":true,"href":"https:\/\/www.anofm.ro\/bistrita-nasaud\/wp-json\/wp\/v2\/tags?post=271"}],"curies":[{"name":"wp","href":"https:\/\/api.w.org\/{rel}","templated":true}]}}