{"id":266,"date":"2022-02-15T00:00:00","date_gmt":"2022-02-14T22:00:00","guid":{"rendered":"https:\/\/www.anofm.ro\/bistrita-nasaud\/ajofm-bn-aplica-contraventii-angajatorilor-care-nu-comunica-locurile-de-munca-vacante\/"},"modified":"2022-02-15T00:00:00","modified_gmt":"2022-02-14T22:00:00","slug":"ajofm-bn-aplica-contraventii-angajatorilor-care-nu-comunica-locurile-de-munca-vacante","status":"publish","type":"post","link":"https:\/\/www.anofm.ro\/bistrita-nasaud\/ajofm-bn-aplica-contraventii-angajatorilor-care-nu-comunica-locurile-de-munca-vacante\/","title":{"rendered":"AJOFM BN aplic\u0103 contraven\u021bii angajatorilor care nu comunic\u0103 locurile de munc\u0103 vacante"},"content":{"rendered":"<p>Introduceti continutul text. Eventualele incarcari de fisiere se fac in faza de editare<\/p>\n<div class=\"file-list-wrap\">\n<ul class=\"file-list\">\n<li><a href=\"\/upload2\/BISTRI\u0162A-N\u0102S\u0102UD\/19676\/comunicare_loc_de_munca_AJOFM_BN.pdf\" download>comunicare_loc_de_munca_AJOFM_BN.pdf<\/a><\/li>\n<\/ul>\n<\/div>\n","protected":false},"excerpt":{"rendered":"<p>comunicare locuri de munca<\/p>\n","protected":false},"author":0,"featured_media":0,"comment_status":"closed","ping_status":"closed","sticky":false,"template":"","format":"standard","meta":{"footnotes":""},"categories":[9],"tags":[],"class_list":["post-266","post","type-post","status-publish","format-standard","hentry","category-comunicate-de-presa"],"_links":{"self":[{"href":"https:\/\/www.anofm.ro\/bistrita-nasaud\/wp-json\/wp\/v2\/posts\/266","targetHints":{"allow":["GET"]}}],"collection":[{"href":"https:\/\/www.anofm.ro\/bistrita-nasaud\/wp-json\/wp\/v2\/posts"}],"about":[{"href":"https:\/\/www.anofm.ro\/bistrita-nasaud\/wp-json\/wp\/v2\/types\/post"}],"replies":[{"embeddable":true,"href":"https:\/\/www.anofm.ro\/bistrita-nasaud\/wp-json\/wp\/v2\/comments?post=266"}],"version-history":[{"count":0,"href":"https:\/\/www.anofm.ro\/bistrita-nasaud\/wp-json\/wp\/v2\/posts\/266\/revisions"}],"wp:attachment":[{"href":"https:\/\/www.anofm.ro\/bistrita-nasaud\/wp-json\/wp\/v2\/media?parent=266"}],"wp:term":[{"taxonomy":"category","embeddable":true,"href":"https:\/\/www.anofm.ro\/bistrita-nasaud\/wp-json\/wp\/v2\/categories?post=266"},{"taxonomy":"post_tag","embeddable":true,"href":"https:\/\/www.anofm.ro\/bistrita-nasaud\/wp-json\/wp\/v2\/tags?post=266"}],"curies":[{"name":"wp","href":"https:\/\/api.w.org\/{rel}","templated":true}]}}