{"id":252,"date":"2021-10-20T00:00:00","date_gmt":"2021-10-19T21:00:00","guid":{"rendered":"https:\/\/www.anofm.ro\/bistrita-nasaud\/beneficiarii-de-ajutor-social-sunt-stimulati-sa-intre-pe-piata-muncii\/"},"modified":"2021-10-20T00:00:00","modified_gmt":"2021-10-19T21:00:00","slug":"beneficiarii-de-ajutor-social-sunt-stimulati-sa-intre-pe-piata-muncii","status":"publish","type":"post","link":"https:\/\/www.anofm.ro\/bistrita-nasaud\/beneficiarii-de-ajutor-social-sunt-stimulati-sa-intre-pe-piata-muncii\/","title":{"rendered":"Beneficiarii de ajutor social sunt stimula\u021bi s\u0103 intre pe pia\u021ba muncii"},"content":{"rendered":"<p class=\"MsoNormal\" style=\"margin-top:0in;margin-right:4.5pt;margin-bottom:6.0pt;margin-left:1.0in\"><span style=\"color:#191919;background:white\">Persoanele<br \/>\nbeneficiare de ajutor social, <\/span>care se angajeaz\u0103 cu contract individual<br \/>\nde munc\u0103 sau \u00een baza unui raport de serviciu, pentru o perioad\u0103 de cel pu\u0163in 24<br \/>\nde luni, beneficiaz\u0103 \u00een continuare, pentru o perioad\u0103 de \u0219ase luni, de<br \/>\nsprijinul financiar acordat \u00een baza Legii <span>nr.416\/2001 privind venitul minim garantat, <\/span>\u00een cuantumul stabilit anterior<br \/>\nangaj\u0103rii \u0219i pl\u0103tit de c\u0103tre Agen\u021bia Na\u021bional\u0103 pentru Pl\u0103\u021bi \u0219i Inspec\u021bie<br \/>\nSocial\u0103.<span><\/span><\/p>\n<p class=\"MsoNormal\" style=\"margin-top:0in;margin-right:4.5pt;margin-bottom:6.0pt;margin-left:1.0in\"><span lang=\"RO\">Aceast\u0103 m\u0103sur\u0103 a<br \/>\nfost adoptat\u0103 prin <\/span><i><span>OUG nr. 101\/2021 pentru modificarea art. 5<br \/>\npct. IV^4 din Legea nr. 76\/2002 privind sistemul asigur\u0103rilor pentru \u015fomaj \u015fi<br \/>\nstimularea ocup\u0103rii for\u0163ei de munc\u0103, precum \u015fi pentru modificarea \u015fi<br \/>\ncompletarea\u00a0Legii nr. 416\/2001\u00a0privind venitul minim garantat,<\/span><\/i><span lang=\"RO\"> oferind astfel<br \/>\nsprijin<\/span><span lang=\"RO\"> <\/span><span style=\"color:#191919;background:white\">persoanelor care vor s\u0103 ias\u0103 din starea de<br \/>\nvulnerabilitate, prin angajare. <\/span><span lang=\"RO\"><\/span><\/p>\n<p class=\"MsoNormal\" style=\"margin-top:0in;margin-right:4.5pt;margin-bottom:6.0pt;margin-left:1.0in\"><span style=\"color:#191919;background:white\">Prin <\/span><span>actul normativ men\u021bionat anterior se<br \/>\ninstituie <\/span><span style=\"color:#191919;background:white\">obligativitatea<br \/>\nprezent\u0103rii persoanelor apte de munc\u0103 beneficiare de ajutor social la agen\u021biile<br \/>\npentru ocuparea for\u021bei de munc\u0103, <\/span><span style=\"color:#191919;background:white\" lang=\"RO\">\u00een vederea identific\u0103rii unui loc de<br \/>\nmunc\u0103 conform preg\u0103tirii profesionale<\/span><span style=\"color:#191919;background:white\">. Neprezentarea la agen\u021bia pentru ocuparea for\u021bei de munc\u0103 se<br \/>\nva asimila refuzului unui loc de munc\u0103 \u0219i va conduce la \u00eencetarea ajutorului<br \/>\nsocial \u0219i posibilitatea depunerii unei noi solicit\u0103ri dup\u0103 o perioad\u0103 de 12<br \/>\nluni. Astfel, serviciile de ocupare vor men\u021bine mai str\u00e2ns leg\u0103tura cu<br \/>\nbeneficiarii de ajutor social \u00een vederea g\u0103sirii \u0219i aplic\u0103rii m\u0103surilor de<br \/>\nstimulare a ocup\u0103rii persoanelor apar\u0163in\u00e2nd acestei categorii cu acces mai<br \/>\ndificil pe pia\u0163a muncii, precum \u0219i cu unita\u021bile administrativ-teritoriale (UAT)<br \/>\n\u00een a c\u0103ror baz\u0103 de date sunt aceste persoane.<\/span><\/p>\n<p class=\"MsoNormal\" style=\"margin-left:1.0in\"><span style=\"color:#191919;background:white\">Reamintim faptul c\u0103, potrivit Legii nr. 416\/2001 persoanele<br \/>\napte de munc\u0103 ce nu realizeaz\u0103 venituri din salarii sau din alte activit\u0103\u0163i, se<br \/>\niau \u00een considerare la stabilirea num\u0103rului membrilor de familie pentru determinarea<br \/>\nnivelului de venit pe familie numai dac\u0103 fac dovada faptului c\u0103 sunt \u00een<br \/>\neviden\u0163a agen\u0163iei teritoriale pentru ocuparea for\u0163ei de munc\u0103, pentru \u00eencadrare<br \/>\n\u00een munc\u0103, \u015fi nu au refuzat un loc de munc\u0103 ori participarea la serviciile<br \/>\npentru stimularea ocup\u0103rii for\u0163ei de munc\u0103 \u015fi de formare profesional\u0103 oferite<br \/>\nde aceste agen\u0163ii.<\/span><\/p>\n<p class=\"MsoNormal\" style=\"margin-left:1.0in\"><span style=\"color:#191919;background:white\">Prin persoan\u0103 apt\u0103 de munc\u0103, conform prevederilor Legii nr.<br \/>\n416\/2001, se \u00een\u0163elege persoana care \u00eendepline\u015fte urm\u0103toarele condi\u0163ii: are<br \/>\nv\u00e2rsta cuprins\u0103 \u00eentre 16 ani \u015fi v\u00e2rsta standard de pensionare; nu urmeaz\u0103 o<br \/>\nform\u0103 de \u00eenv\u0103\u0163\u0103m\u00e2nt cursuri de zi prev\u0103zut\u0103 de lege; are starea de s\u0103n\u0103tate \u015fi<br \/>\ncapacitatea fizic\u0103 \u015fi psihic\u0103 corespunz\u0103toare, care o fac apt\u0103 pentru prestarea<br \/>\nunei munci.<\/span><\/p>\n","protected":false},"excerpt":{"rendered":"<p>ajutor social<\/p>\n","protected":false},"author":0,"featured_media":0,"comment_status":"closed","ping_status":"closed","sticky":false,"template":"","format":"standard","meta":{"footnotes":""},"categories":[9],"tags":[],"class_list":["post-252","post","type-post","status-publish","format-standard","hentry","category-comunicate-de-presa"],"_links":{"self":[{"href":"https:\/\/www.anofm.ro\/bistrita-nasaud\/wp-json\/wp\/v2\/posts\/252","targetHints":{"allow":["GET"]}}],"collection":[{"href":"https:\/\/www.anofm.ro\/bistrita-nasaud\/wp-json\/wp\/v2\/posts"}],"about":[{"href":"https:\/\/www.anofm.ro\/bistrita-nasaud\/wp-json\/wp\/v2\/types\/post"}],"replies":[{"embeddable":true,"href":"https:\/\/www.anofm.ro\/bistrita-nasaud\/wp-json\/wp\/v2\/comments?post=252"}],"version-history":[{"count":0,"href":"https:\/\/www.anofm.ro\/bistrita-nasaud\/wp-json\/wp\/v2\/posts\/252\/revisions"}],"wp:attachment":[{"href":"https:\/\/www.anofm.ro\/bistrita-nasaud\/wp-json\/wp\/v2\/media?parent=252"}],"wp:term":[{"taxonomy":"category","embeddable":true,"href":"https:\/\/www.anofm.ro\/bistrita-nasaud\/wp-json\/wp\/v2\/categories?post=252"},{"taxonomy":"post_tag","embeddable":true,"href":"https:\/\/www.anofm.ro\/bistrita-nasaud\/wp-json\/wp\/v2\/tags?post=252"}],"curies":[{"name":"wp","href":"https:\/\/api.w.org\/{rel}","templated":true}]}}