{"id":251,"date":"2021-10-06T00:00:00","date_gmt":"2021-10-05T21:00:00","guid":{"rendered":"https:\/\/www.anofm.ro\/bistrita-nasaud\/eures-locuri-de-munca-de-educatoare-in-germania\/"},"modified":"2021-10-06T00:00:00","modified_gmt":"2021-10-05T21:00:00","slug":"eures-locuri-de-munca-de-educatoare-in-germania","status":"publish","type":"post","link":"https:\/\/www.anofm.ro\/bistrita-nasaud\/eures-locuri-de-munca-de-educatoare-in-germania\/","title":{"rendered":"EURES \u2013 Locuri de munc\u0103 de educatoare \u00een Germania"},"content":{"rendered":"<\/p>\n<p class=\"MsoNormal\" style=\"margin-left:0in\"><b>Comunicat<br \/>\nde pres\u0103<\/b><\/p>\n<p class=\"Default\" style=\"line-height:150%\"><b>EURES<br \/>\n\u2013 Locuri de munc<\/b><b><span lang=\"RO\">\u0103<\/span> de educatoare \u00een Germania <\/b><\/p>\n<p><\/p>\n<p class=\"MsoNormal\" style=\"margin-left:0in;line-height:150%\"><b>Agen\u0163ia Jude\u0163ean\u0103 pentru Ocuparea For\u0163ei de<br \/>\nMunc\u0103 Bistri\u0163a \u2013 N\u0103s\u0103ud<\/b> v\u0103 face cunoscut\u0103 oferta de munc\u0103 de <b>educatoare \/ educator \u00een Germania.<\/b><\/p>\n<p class=\"MsoNormal\" style=\"margin:0in;margin-bottom:.0001pt;line-height:150%\"><b><span>Firma:<\/span><\/b><span> Agen\u0163ia Federal\u0103 de Munc\u0103 &#8211;<br \/>\nServiciile de Plasare Interna\u0163ional\u0103 ZAV Baden-Wurttemberg, ca reprezentant al<br \/>\nangajatorului german<\/span><\/p>\n<p class=\"MsoNormal\" style=\"margin:0in;margin-bottom:.0001pt;line-height:150%\"><b><span>Regiunea:<\/span><\/b><span> Landul Baden-Wurttemberg<\/span><\/p>\n<p class=\"MsoNormal\" style=\"margin:0in;margin-bottom:.0001pt;line-height:150%\"><b><span>Localitatea:<\/span><\/b><span> Stuttgart<\/span><\/p>\n<p class=\"MsoNormal\" style=\"margin:0in;margin-bottom:.0001pt;line-height:150%\"><b><span>Ocupa\u0163ia<\/span><\/b><span>: Educatoare\/educator <\/span><\/p>\n<p class=\"MsoNormal\" style=\"margin:0in;margin-bottom:.0001pt;line-height:150%\"><b><span>Nr.<br \/>\nposturi:<\/span><\/b><span> 15<\/span><\/p>\n<p class=\"MsoNormal\" style=\"margin:0in;margin-bottom:.0001pt;line-height:150%\"><b><span>Descriere<br \/>\nloc munca:<\/span><\/b><span><br \/>\nAngajatorul dispune de peste 200 de centre de \u00eengrijire de zi pentru copii de<br \/>\ndiferite categorii de v\u00e2rst\u0103, de la 8 s\u0103pt\u0103m\u00e2ni la 14 ani, case de studen\u0163i \u015fi \u015fcoli<br \/>\nprimare.<\/span><\/p>\n<p class=\"MsoNormal\" style=\"margin:0in;margin-bottom:.0001pt;line-height:150%\"><b><span>Cerin\u0163e<br \/>\nloc munc\u0103:<\/span><\/b><span><br \/>\nSe solicit\u0103 studii \u00eencheiate \u00een pedagogie de gradini\u0163\u0103, \u015ftiin\u0163e educa\u0163ionale,<br \/>\nsocio-psihopedagogie sau \u00eenv\u0103\u0163\u0103m\u00e2nt pre\u015fcolar; Experien\u0163a de lucru cu copiii cu<br \/>\nv\u00e2rsta cuprins\u0103 \u00eentre 6 luni \u015fi 6 ani; Disponibilitate de a \u00eenv\u0103\u0163a intensiv<br \/>\nlimba german\u0103; Disponibilitate de a participa la un curs de recertificare<br \/>\nprofesional\u0103, \u00een vederea echival\u0103rii calific\u0103rii ob\u0163inute \u00een alt\u0103 \u0163ar\u0103;<br \/>\nCapacitatea de a r\u0103spunde nevoilor\/intereselor individuale ale copiilor;<br \/>\nResponsabilitate \u015fi capacitatea de a lua decizii. <\/span><\/p>\n<p class=\"MsoNormal\" style=\"margin:0in;margin-bottom:.0001pt;line-height:150%\"><b><span>Limbi<br \/>\nstr\u0103ine:<\/span><\/b><span><br \/>\nCuno\u015ftin\u0163e de limb\u0103 german\u0103 &#8211; nivelul B2, \u00eens\u0103 candida\u021bii care nu au acest<br \/>\nnivel vor beneficia gratuit de curs.<\/span><\/p>\n<p class=\"MsoNormal\" style=\"margin:0in;margin-bottom:.0001pt;line-height:150%\"><b><span>Salariu:<\/span><\/b><span> Salariul oferit \u00eencepe de la<br \/>\n2682,35\u20ac brut\/lun\u0103, \u00een func\u0163ie de nivelurile de grup\u0103 \u015fi de experien\u0163a<br \/>\nprofesional\u0103, cu recunoa\u015fterea calific\u0103rii de nivel 2 &#8211; 3086,91\u20ac brut\/lun\u0103, a<br \/>\ncalific\u0103rii de nivel 3 &#8211; 3300,62\u20ac brut\/lun\u0103. Un nivel suplimentar poate cre\u015fte<br \/>\nsalariul p\u00e2n\u0103 la 3909,19\u20ac brut\/lun\u0103, \u00een func\u0163ie de experien\u0163a profesional\u0103.<\/span><\/p>\n<p class=\"MsoNormal\" style=\"margin:0in;margin-bottom:.0001pt;line-height:150%\"><b><span>Alte<br \/>\nbeneficii:<\/span><\/b><span><br \/>\nSe ofer\u0103 bonus anual, salarizare peste grila standard; Locuri de munc\u0103 \u00een cre\u015fe<br \/>\n\u015fi gradini\u0163e; Se ofer\u0103 o gam\u0103 larg\u0103 de posibilit\u0103\u0163i de perfec\u0163ionare \u015fi de<br \/>\npromovare p\u00e2n\u0103 la grade de specialitate \u015fi de conducere; Se ofer\u0103 cazare pentru<br \/>\npersonal la pre\u0163uri rezonabile; Abonament lunar cu reducere mare pentru<br \/>\nmijloacele de transport; Sunt puse la dispozi\u0163ie persoane de contact pentru<br \/>\nsprijin \u00een vederea integr\u0103rii.<\/span><\/p>\n<p class=\"MsoNormal\" style=\"margin:0in;margin-bottom:.0001pt;line-height:150%\"><b><span>Durata<br \/>\ncontractului:<\/span><\/b><span><br \/>\nContractul de munca ini\u0163ial este cu durat\u0103 determinat\u0103 de 12 luni, iar dupa<br \/>\nrecunoa\u015fterea profesional\u0103 va deveni permanent.<\/span><\/p>\n<p class=\"MsoNormal\" style=\"margin:0in;margin-bottom:.0001pt;line-height:150%\"><b><span>Termenul<br \/>\nlimit\u0103 pentru aplicare:<\/span><\/b><span><br \/>\n31-10-2021<\/span><\/p>\n<p class=\"MsoNormal\" style=\"margin:0in;margin-bottom:.0001pt;line-height:150%\"><b><span>Mod<br \/>\nde aplicare<\/span><\/b><span>:<br \/>\nSe transmite CV-ul, completat la calculator \u00een limba german\u0103 sau englez\u0103, \u00eenso\u0163it<br \/>\nde copia diplomei de calificare \u00een domeniu (nu necesit\u0103 traducere), la adresa<br \/>\nde e-mail<\/span><span lang=\"RO\">:<\/span><span lang=\"RO\"> <\/span><a href=\"mailto:ZAV-IPS-Baden-Wuerttemberg@arbeitsagentur.de\"><span>ZAV-IPS-Baden-Wuerttemberg@arbeitsagentur.de<\/span><\/a><span><span>\u00a0 <\/span>\u015fi pentru monitorizare la: <\/span><a href=\"mailto:georgiana.enache.buc@anofm.gov.ro\"><span>georgiana.enache.buc@anofm.gov.ro<\/span><\/a><span>, cu specificarea codului<br \/>\n&#8222;BW-02-SONS&#8221;.<\/span><\/p>\n<p class=\"MsoNormal\" style=\"margin-left:.5in;text-align:left;line-height:150%\" align=\"left\"><span style=\"color:black\">\u00a0<\/span><\/p>\n<p class=\"MsoNormal\" style=\"margin-left:0in;text-align:left;line-height:150%\" align=\"left\">Otilia R\u00e2pan<\/p>\n<p class=\"MsoNormal\" style=\"margin-left:0in\">Director Executiv<\/p><\/p>\n","protected":false},"excerpt":{"rendered":"<p>EURES, Germania<\/p>\n","protected":false},"author":0,"featured_media":0,"comment_status":"closed","ping_status":"closed","sticky":false,"template":"","format":"standard","meta":{"footnotes":""},"categories":[9],"tags":[],"class_list":["post-251","post","type-post","status-publish","format-standard","hentry","category-comunicate-de-presa"],"_links":{"self":[{"href":"https:\/\/www.anofm.ro\/bistrita-nasaud\/wp-json\/wp\/v2\/posts\/251","targetHints":{"allow":["GET"]}}],"collection":[{"href":"https:\/\/www.anofm.ro\/bistrita-nasaud\/wp-json\/wp\/v2\/posts"}],"about":[{"href":"https:\/\/www.anofm.ro\/bistrita-nasaud\/wp-json\/wp\/v2\/types\/post"}],"replies":[{"embeddable":true,"href":"https:\/\/www.anofm.ro\/bistrita-nasaud\/wp-json\/wp\/v2\/comments?post=251"}],"version-history":[{"count":0,"href":"https:\/\/www.anofm.ro\/bistrita-nasaud\/wp-json\/wp\/v2\/posts\/251\/revisions"}],"wp:attachment":[{"href":"https:\/\/www.anofm.ro\/bistrita-nasaud\/wp-json\/wp\/v2\/media?parent=251"}],"wp:term":[{"taxonomy":"category","embeddable":true,"href":"https:\/\/www.anofm.ro\/bistrita-nasaud\/wp-json\/wp\/v2\/categories?post=251"},{"taxonomy":"post_tag","embeddable":true,"href":"https:\/\/www.anofm.ro\/bistrita-nasaud\/wp-json\/wp\/v2\/tags?post=251"}],"curies":[{"name":"wp","href":"https:\/\/api.w.org\/{rel}","templated":true}]}}