{"id":247,"date":"2021-09-17T00:00:00","date_gmt":"2021-09-16T21:00:00","guid":{"rendered":"https:\/\/www.anofm.ro\/bistrita-nasaud\/minibursa-locurilor-de-munca-17-septembrie-2021\/"},"modified":"2021-09-17T00:00:00","modified_gmt":"2021-09-16T21:00:00","slug":"minibursa-locurilor-de-munca-17-septembrie-2021","status":"publish","type":"post","link":"https:\/\/www.anofm.ro\/bistrita-nasaud\/minibursa-locurilor-de-munca-17-septembrie-2021\/","title":{"rendered":"Minibursa locurilor de munc\u0103, 17 septembrie 2021"},"content":{"rendered":"<p class=\"MsoNormal\" style=\"margin:0in;margin-bottom:.0001pt;line-height:150%\">Azi,<br \/>\n<span lang=\"PT-BR\">17 septembrie 2021, \u00eentre<br \/>\norele 11-13, <\/span>la sediul Agen\u0163iei Jude\u0163ene pentru Ocuparea For\u0163ei de Munc\u0103<br \/>\nBistri\u0163a \u2013 N\u0103s\u0103ud din Bistri\u0163a s-a desf\u0103\u015furat<span lang=\"PT-BR\">, Minibursa Locurilor de Munc\u0103.<\/span><\/p>\n<p class=\"MsoNormal\" style=\"margin-left:0in;line-height:150%\"><span lang=\"PT-BR\">Un num\u0103r de 8 agen\u0163i economici au dorit sa<br \/>\nparticipe la burs\u0103 oferind 479 locuri de munc\u0103 vacante, dup\u0103 cum urmeaz\u0103:<\/span><\/p>\n<p class=\"MsoNormal\" style=\"margin-left:1.5in;text-indent:-.25in;line-height:150%\"><span style=\"font-family:Symbol\" lang=\"PT-BR\"><span>\u00b7<span style=\"font:7.0pt\">\u00a0\u00a0\u00a0\u00a0\u00a0\u00a0\u00a0\u00a0<br \/>\n<\/span><\/span><\/span><span lang=\"PT-BR\">Pentru<br \/>\npersoanele cu studii superioare \u2013 35 locuri de munc\u0103 vacante;<\/span><\/p>\n<p class=\"MsoNormal\" style=\"margin-left:1.5in;text-indent:-.25in;line-height:150%\"><span style=\"font-family:Symbol\" lang=\"PT-BR\"><span>\u00b7<span style=\"font:7.0pt\">\u00a0\u00a0\u00a0\u00a0\u00a0\u00a0\u00a0\u00a0<br \/>\n<\/span><\/span><\/span><span lang=\"PT-BR\">Pentru<br \/>\npersoanele cu studii medii \u015fi profesionale \u2013 444 locuri de munc\u0103 vacante;<\/p>\n<p><a href=\"\/upload\/17717\/minibursa_17_sept._2021_AJOFM_BN.pdf\">minibursa_17_sept._2021_AJOFM_BN.pdf<\/a> <\/p>\n<p><\/span><\/p><\/p>\n","protected":false},"excerpt":{"rendered":"<p>Azi, 17 septembrie 2021, \u00eentre orele 11-13, la sediul Agen\u0163iei Jude\u0163ene pentru Ocuparea For\u0163ei de Munc\u0103 Bistri\u0163a \u2013 N\u0103s\u0103ud din Bistri\u0163a s-a desf\u0103\u015furat, Minibursa Locurilor de Munc\u0103. Un num\u0103r de<\/p>\n","protected":false},"author":0,"featured_media":0,"comment_status":"closed","ping_status":"closed","sticky":false,"template":"","format":"standard","meta":{"footnotes":""},"categories":[9],"tags":[],"class_list":["post-247","post","type-post","status-publish","format-standard","hentry","category-comunicate-de-presa"],"_links":{"self":[{"href":"https:\/\/www.anofm.ro\/bistrita-nasaud\/wp-json\/wp\/v2\/posts\/247","targetHints":{"allow":["GET"]}}],"collection":[{"href":"https:\/\/www.anofm.ro\/bistrita-nasaud\/wp-json\/wp\/v2\/posts"}],"about":[{"href":"https:\/\/www.anofm.ro\/bistrita-nasaud\/wp-json\/wp\/v2\/types\/post"}],"replies":[{"embeddable":true,"href":"https:\/\/www.anofm.ro\/bistrita-nasaud\/wp-json\/wp\/v2\/comments?post=247"}],"version-history":[{"count":0,"href":"https:\/\/www.anofm.ro\/bistrita-nasaud\/wp-json\/wp\/v2\/posts\/247\/revisions"}],"wp:attachment":[{"href":"https:\/\/www.anofm.ro\/bistrita-nasaud\/wp-json\/wp\/v2\/media?parent=247"}],"wp:term":[{"taxonomy":"category","embeddable":true,"href":"https:\/\/www.anofm.ro\/bistrita-nasaud\/wp-json\/wp\/v2\/categories?post=247"},{"taxonomy":"post_tag","embeddable":true,"href":"https:\/\/www.anofm.ro\/bistrita-nasaud\/wp-json\/wp\/v2\/tags?post=247"}],"curies":[{"name":"wp","href":"https:\/\/api.w.org\/{rel}","templated":true}]}}