{"id":240,"date":"2021-07-21T00:00:00","date_gmt":"2021-07-20T21:00:00","guid":{"rendered":"https:\/\/www.anofm.ro\/bistrita-nasaud\/locuri-de-munca-vacante-in-judetul-bistrita-nasaud-si-prin-reteaua-eures\/"},"modified":"2021-07-21T00:00:00","modified_gmt":"2021-07-20T21:00:00","slug":"locuri-de-munca-vacante-in-judetul-bistrita-nasaud-si-prin-reteaua-eures","status":"publish","type":"post","link":"https:\/\/www.anofm.ro\/bistrita-nasaud\/locuri-de-munca-vacante-in-judetul-bistrita-nasaud-si-prin-reteaua-eures\/","title":{"rendered":"Locuri de munc\u0103 vacante \u00een jude\u0163ul Bistri\u0163a \u2013 N\u0103s\u0103ud si prin Reteaua EURES"},"content":{"rendered":"<p><a href=\"\/upload\/17072\/oferta_munca_iulie_21.pdf\">oferta_munca_iulie_21.pdf<\/a> <\/p>\n","protected":false},"excerpt":{"rendered":"<p>Locuri de munc\u0103 vacante , EURES<\/p>\n","protected":false},"author":0,"featured_media":0,"comment_status":"closed","ping_status":"closed","sticky":false,"template":"","format":"standard","meta":{"footnotes":""},"categories":[9],"tags":[],"class_list":["post-240","post","type-post","status-publish","format-standard","hentry","category-comunicate-de-presa"],"_links":{"self":[{"href":"https:\/\/www.anofm.ro\/bistrita-nasaud\/wp-json\/wp\/v2\/posts\/240","targetHints":{"allow":["GET"]}}],"collection":[{"href":"https:\/\/www.anofm.ro\/bistrita-nasaud\/wp-json\/wp\/v2\/posts"}],"about":[{"href":"https:\/\/www.anofm.ro\/bistrita-nasaud\/wp-json\/wp\/v2\/types\/post"}],"replies":[{"embeddable":true,"href":"https:\/\/www.anofm.ro\/bistrita-nasaud\/wp-json\/wp\/v2\/comments?post=240"}],"version-history":[{"count":0,"href":"https:\/\/www.anofm.ro\/bistrita-nasaud\/wp-json\/wp\/v2\/posts\/240\/revisions"}],"wp:attachment":[{"href":"https:\/\/www.anofm.ro\/bistrita-nasaud\/wp-json\/wp\/v2\/media?parent=240"}],"wp:term":[{"taxonomy":"category","embeddable":true,"href":"https:\/\/www.anofm.ro\/bistrita-nasaud\/wp-json\/wp\/v2\/categories?post=240"},{"taxonomy":"post_tag","embeddable":true,"href":"https:\/\/www.anofm.ro\/bistrita-nasaud\/wp-json\/wp\/v2\/tags?post=240"}],"curies":[{"name":"wp","href":"https:\/\/api.w.org\/{rel}","templated":true}]}}